{"id":44904,"date":"2025-09-05T07:10:03","date_gmt":"2025-09-05T10:10:03","guid":{"rendered":"https:\/\/masquenoticiastucuman.com.ar\/?p=44904"},"modified":"2025-09-05T07:10:03","modified_gmt":"2025-09-05T10:10:03","slug":"jaldo-superviso-y-dejo-inauguradas-importantes-obras-de-infraestructura-en-aguilares","status":"publish","type":"post","link":"https:\/\/masquenoticiastucuman.com.ar\/?p=44904","title":{"rendered":"Jaldo supervis\u00f3 y dej\u00f3 inauguradas importantes obras de infraestructura en Aguilares"},"content":{"rendered":"\n<p>El gobernador visit\u00f3 esta tarde la ciudad de Aguilares, en el sur de la provincia, para supervisar e inaugurar una serie de obras que impulsar\u00e1n el desarrollo local y mejorar\u00e1n la calidad de vida de los vecinos.<\/p>\n\n\n\n<p id=\"isPasted\">El gobernador&nbsp;<strong>Osvaldo Jaldo<\/strong>&nbsp;visit\u00f3 esta tarde la ciudad de Aguilares, en el sur de la provincia, para supervisar e inaugurar una serie de obras que impulsar\u00e1n el desarrollo local y mejorar\u00e1n la calidad de vida de los vecinos.<\/p>\n\n\n\n<p>Durante la recorrida, el primer mandatario estuvo acompa\u00f1ado por una comitiva de funcionarios y legisladores. Lo acompa\u00f1aron el vicegobernador&nbsp;<strong>Miguel Acevedo<\/strong>, el presidente subrogante de la Legislatura,&nbsp;<strong>Sergio Mansilla<\/strong>; el vicepresidente primero,&nbsp;<strong>Aldo Salom\u00f3n<\/strong>; el ministro del Interior,&nbsp;<strong>Dar\u00edo Monteros<\/strong>; y los diputados nacionales&nbsp;<strong>Agust\u00edn Fern\u00e1ndez<\/strong>,&nbsp;<strong>Elia Fern\u00e1ndez<\/strong>&nbsp;y&nbsp;<strong>Gladys Medina<\/strong>.<\/p>\n\n\n\n<figure class=\"wp-block-image size-large\"><img decoding=\"async\" src=\"https:\/\/masquenoticiastucuman.com.ar\/wp-content\/uploads\/2025\/09\/250904214218_57772-1024x682.jpeg\" alt=\"\" class=\"wp-image-44905\" \/><\/figure>\n\n\n\n<p>Tambi\u00e9n participaron la intendenta de Aguilares,&nbsp;<strong>Gimena Mansilla<\/strong>; los legisladores&nbsp;<strong>Javier Noguera<\/strong>,<strong>&nbsp;Sara Lazarte<\/strong>,&nbsp;<strong>Patricia Lizarraga<\/strong>,&nbsp;<strong>Carlos F\u00fanez&nbsp;<\/strong>y&nbsp;<strong>Alberto Olea<\/strong>; los intendentes&nbsp;<strong>Elvio Salazar<\/strong>&nbsp;(Simoca),&nbsp;<strong>Graciela Guti\u00e9rrez<\/strong>&nbsp;(Alderetes) y<strong>&nbsp;Francisco Caliva<\/strong>&nbsp;(Taf\u00ed del Valle); el titular del IPLA,&nbsp;<strong>Dante Loza<\/strong>; el prosecretario de la Legislatura,<strong>&nbsp;Alejandro Mart\u00ednez<\/strong>; el comisionado comunal de Alto Verde,&nbsp;<strong>Jorge D\u00edaz<\/strong>; el secretario de Gobierno,&nbsp;<strong>Ra\u00fal Albarrac\u00edn<\/strong>&nbsp;y el presidente del Ente Tucum\u00e1n Turismo,&nbsp;<strong>Domingo Amaya<\/strong>. La comitiva se complet\u00f3 con concejales de la ciudad y delegados comunales departamentales.<\/p>\n\n\n\n<p><strong>Inauguraci\u00f3n de iluminaci\u00f3n en la traza de la ex-Ruta Nacional 38<\/strong><\/p>\n\n\n\n<p>Jaldo, acompa\u00f1ado de la comitiva, dej\u00f3 inaugurados m\u00e1s de dos kil\u00f3metros de alumbrado p\u00fablico sobre la antigua traza de la Ruta Nacional 38, que une Aguilares con Alto Verde y se conecta con Concepci\u00f3n. Esta obra, producto de un convenio entre la provincia y los municipios, mejora la seguridad vial y es una soluci\u00f3n largamente esperada por los habitantes de la zona.<\/p>\n\n\n\n<p>La intendenta Gimena Mansilla agradeci\u00f3 el apoyo del gobernador, destacando la importancia de esta obra: \u00abEste tendido el\u00e9ctrico completa la iluminaci\u00f3n desde Concepci\u00f3n hasta Aguilares, beneficiando a much\u00edsimas personas que viajan a diario. Es un sue\u00f1o hecho realidad\u00bb.<\/p>\n\n\n\n<p><strong>Supervisi\u00f3n de obras en marcha<\/strong><\/p>\n\n\n\n<p>El gobernador y los funcionarios supervisaron el avance de otras obras clave para la regi\u00f3n:<\/p>\n\n\n\n<p>-Repavimentaci\u00f3n de la Ruta Provincial 331: Se recorri\u00f3 el tramo entre Aguilares y Monte Bello. El gobernador Jaldo enfatiz\u00f3 que \u00abm\u00e1s rutas pavimentadas mejoran la seguridad vial y la calidad de vida de la gente\u00bb.<\/p>\n\n\n\n<p>-Pavimento articulado en Barrio Universitario: Se constat\u00f3 el avance del adoquinado de 14 cuadras, una obra que mejora la accesibilidad en la ciudad.<\/p>\n\n\n\n<p>-Perforaci\u00f3n de un nuevo pozo de agua: Se inspeccion\u00f3 la obra que se habilitar\u00e1 para abastecer de agua potable a un barrio de la ciudad, un proyecto esencial para garantizar un servicio de calidad.<\/p>\n\n\n\n<p><strong>Un nuevo edificio universitario para el sur tucumano<\/strong><\/p>\n\n\n\n<p>Jaldo tambi\u00e9n destac\u00f3 la construcci\u00f3n de un nuevo edificio universitario en la ciudad. \u00abEstamos construyendo un edificio nuevo para que los j\u00f3venes de Aguilares y del sur de la provincia no tengan que viajar a San Miguel de Tucum\u00e1n y puedan seguir estudiando aqu\u00ed\u00bb, afirm\u00f3 el gobernador.<\/p>\n\n\n\n<p>El vicegobernador, Miguel Acevedo, expres\u00f3 que \u201cLa obra p\u00fablica no se detiene en Tucum\u00e1n. Esta gesti\u00f3n marca la diferencia. La intendenta Gimena Mansilla se ha puesto la gesti\u00f3n al hombro y est\u00e1 realizando una tarea encomiable con obras y servicios para la comunidad\u00bb.<\/p>\n\n\n\n<p>En tanto, Dar\u00edo Monteros dijo: \u201cEstamos visitando obras clave como la Ruta 331 y la antigua traza de la 38. Es gratificante ver c\u00f3mo se concretan estos proyectos que ven\u00edamos planeando, como la iluminaci\u00f3n de la ruta 38, que era un anhelo de los vecinos\u00bb.<\/p>\n\n\n\n<p>\u201cQuiero agradecer al Gobernador por estar siempre a la par de nuestra intendenta. Estas obras no ser\u00edan posibles sin el acompa\u00f1amiento del Gobierno de la Provincia, que demuestra su compromiso con el interior tucumano\u201d, afirm\u00f3 Elia Fern\u00e1ndez.<\/p>\n","protected":false},"excerpt":{"rendered":"<p>El gobernador visit\u00f3 esta tarde la ciudad de Aguilares, en el sur de la provincia,&#8230;<\/p>\n","protected":false},"author":2,"featured_media":0,"comment_status":"open","ping_status":"open","sticky":false,"template":"","format":"standard","meta":{"footnotes":""},"categories":[2],"tags":[],"class_list":["post-44904","post","type-post","status-publish","format-standard","hentry","category-locales"],"_links":{"self":[{"href":"https:\/\/masquenoticiastucuman.com.ar\/index.php?rest_route=\/wp\/v2\/posts\/44904","targetHints":{"allow":["GET"]}}],"collection":[{"href":"https:\/\/masquenoticiastucuman.com.ar\/index.php?rest_route=\/wp\/v2\/posts"}],"about":[{"href":"https:\/\/masquenoticiastucuman.com.ar\/index.php?rest_route=\/wp\/v2\/types\/post"}],"author":[{"embeddable":true,"href":"https:\/\/masquenoticiastucuman.com.ar\/index.php?rest_route=\/wp\/v2\/users\/2"}],"replies":[{"embeddable":true,"href":"https:\/\/masquenoticiastucuman.com.ar\/index.php?rest_route=%2Fwp%2Fv2%2Fcomments&post=44904"}],"version-history":[{"count":1,"href":"https:\/\/masquenoticiastucuman.com.ar\/index.php?rest_route=\/wp\/v2\/posts\/44904\/revisions"}],"predecessor-version":[{"id":44907,"href":"https:\/\/masquenoticiastucuman.com.ar\/index.php?rest_route=\/wp\/v2\/posts\/44904\/revisions\/44907"}],"wp:attachment":[{"href":"https:\/\/masquenoticiastucuman.com.ar\/index.php?rest_route=%2Fwp%2Fv2%2Fmedia&parent=44904"}],"wp:term":[{"taxonomy":"category","embeddable":true,"href":"https:\/\/masquenoticiastucuman.com.ar\/index.php?rest_route=%2Fwp%2Fv2%2Fcategories&post=44904"},{"taxonomy":"post_tag","embeddable":true,"href":"https:\/\/masquenoticiastucuman.com.ar\/index.php?rest_route=%2Fwp%2Fv2%2Ftags&post=44904"}],"curies":[{"name":"wp","href":"https:\/\/api.w.org\/{rel}","templated":true}]}}