{"id":44922,"date":"2025-09-05T11:01:05","date_gmt":"2025-09-05T14:01:05","guid":{"rendered":"http:\/\/masquenoticiastucuman.com.ar\/?p=44922"},"modified":"2025-09-05T11:01:05","modified_gmt":"2025-09-05T14:01:05","slug":"marcelo-bielsa-clasifico-a-uruguay-en-el-mundial-2026-pero-en-conferencia-le-puso-un-freno-a-la-alegria-con-su-recuerdo-mas-triste-como-dt","status":"publish","type":"post","link":"https:\/\/masquenoticiastucuman.com.ar\/?p=44922","title":{"rendered":"Marcelo Bielsa clasific\u00f3 a Uruguay en el Mundial 2026 pero en conferencia le puso un freno a la alegr\u00eda con su recuerdo m\u00e1s triste como DT"},"content":{"rendered":"<ul>\n<li>El Loco se meti\u00f3 por tercera vez en un Mundial, tras sus logros con Argentina en 2002 y Chile en 2010.<\/li>\n<li>Sin embargo, tras lograr su pasaje a la cita en 2026, eligi\u00f3 hablar con cautela para lo que viene.<\/li>\n<li>Pidi\u00f3 no confiarse y puso sobre la mesa la fallida experiencia con la Selecci\u00f3n en Jap\u00f3n y Corea 2002.<\/li>\n<\/ul>","protected":false},"excerpt":{"rendered":"<p>El Loco se meti\u00f3 por tercera vez en un Mundial, tras sus logros con Argentina&#8230;<\/p>\n","protected":false},"author":1,"featured_media":0,"comment_status":"open","ping_status":"open","sticky":false,"template":"","format":"standard","meta":{"footnotes":""},"categories":[6],"tags":[],"class_list":["post-44922","post","type-post","status-publish","format-standard","hentry","category-deportes"],"_links":{"self":[{"href":"https:\/\/masquenoticiastucuman.com.ar\/index.php?rest_route=\/wp\/v2\/posts\/44922","targetHints":{"allow":["GET"]}}],"collection":[{"href":"https:\/\/masquenoticiastucuman.com.ar\/index.php?rest_route=\/wp\/v2\/posts"}],"about":[{"href":"https:\/\/masquenoticiastucuman.com.ar\/index.php?rest_route=\/wp\/v2\/types\/post"}],"author":[{"embeddable":true,"href":"https:\/\/masquenoticiastucuman.com.ar\/index.php?rest_route=\/wp\/v2\/users\/1"}],"replies":[{"embeddable":true,"href":"https:\/\/masquenoticiastucuman.com.ar\/index.php?rest_route=%2Fwp%2Fv2%2Fcomments&post=44922"}],"version-history":[{"count":0,"href":"https:\/\/masquenoticiastucuman.com.ar\/index.php?rest_route=\/wp\/v2\/posts\/44922\/revisions"}],"wp:attachment":[{"href":"https:\/\/masquenoticiastucuman.com.ar\/index.php?rest_route=%2Fwp%2Fv2%2Fmedia&parent=44922"}],"wp:term":[{"taxonomy":"category","embeddable":true,"href":"https:\/\/masquenoticiastucuman.com.ar\/index.php?rest_route=%2Fwp%2Fv2%2Fcategories&post=44922"},{"taxonomy":"post_tag","embeddable":true,"href":"https:\/\/masquenoticiastucuman.com.ar\/index.php?rest_route=%2Fwp%2Fv2%2Ftags&post=44922"}],"curies":[{"name":"wp","href":"https:\/\/api.w.org\/{rel}","templated":true}]}}