{"id":44952,"date":"2025-09-05T16:01:04","date_gmt":"2025-09-05T19:01:04","guid":{"rendered":"http:\/\/masquenoticiastucuman.com.ar\/?p=44952"},"modified":"2025-09-05T16:01:04","modified_gmt":"2025-09-05T19:01:04","slug":"motogp-gp-de-catalunya-horario-donde-y-como-ver-la-clasificacion-y-la-carrera-en-montmelo","status":"publish","type":"post","link":"https:\/\/masquenoticiastucuman.com.ar\/?p=44952","title":{"rendered":"MotoGP, GP de Catalunya: horario, d\u00f3nde y c\u00f3mo ver la clasificaci\u00f3n y la carrera en Montmel\u00f3"},"content":{"rendered":"<ul>\n<li>El Gran Premio de este fin de semana tendr\u00e1 lugar en Espa\u00f1a.<\/li>\n<li>Todo lo que ten\u00e9s que saber sobre la 15\u00b0 fecha del campeonato.<\/li>\n<\/ul>","protected":false},"excerpt":{"rendered":"<p>El Gran Premio de este fin de semana tendr\u00e1 lugar en Espa\u00f1a. Todo lo que&#8230;<\/p>\n","protected":false},"author":1,"featured_media":0,"comment_status":"open","ping_status":"open","sticky":false,"template":"","format":"standard","meta":{"footnotes":""},"categories":[6],"tags":[],"class_list":["post-44952","post","type-post","status-publish","format-standard","hentry","category-deportes"],"_links":{"self":[{"href":"https:\/\/masquenoticiastucuman.com.ar\/index.php?rest_route=\/wp\/v2\/posts\/44952","targetHints":{"allow":["GET"]}}],"collection":[{"href":"https:\/\/masquenoticiastucuman.com.ar\/index.php?rest_route=\/wp\/v2\/posts"}],"about":[{"href":"https:\/\/masquenoticiastucuman.com.ar\/index.php?rest_route=\/wp\/v2\/types\/post"}],"author":[{"embeddable":true,"href":"https:\/\/masquenoticiastucuman.com.ar\/index.php?rest_route=\/wp\/v2\/users\/1"}],"replies":[{"embeddable":true,"href":"https:\/\/masquenoticiastucuman.com.ar\/index.php?rest_route=%2Fwp%2Fv2%2Fcomments&post=44952"}],"version-history":[{"count":0,"href":"https:\/\/masquenoticiastucuman.com.ar\/index.php?rest_route=\/wp\/v2\/posts\/44952\/revisions"}],"wp:attachment":[{"href":"https:\/\/masquenoticiastucuman.com.ar\/index.php?rest_route=%2Fwp%2Fv2%2Fmedia&parent=44952"}],"wp:term":[{"taxonomy":"category","embeddable":true,"href":"https:\/\/masquenoticiastucuman.com.ar\/index.php?rest_route=%2Fwp%2Fv2%2Fcategories&post=44952"},{"taxonomy":"post_tag","embeddable":true,"href":"https:\/\/masquenoticiastucuman.com.ar\/index.php?rest_route=%2Fwp%2Fv2%2Ftags&post=44952"}],"curies":[{"name":"wp","href":"https:\/\/api.w.org\/{rel}","templated":true}]}}