{"id":44968,"date":"2025-09-05T21:01:02","date_gmt":"2025-09-06T00:01:02","guid":{"rendered":"http:\/\/masquenoticiastucuman.com.ar\/?p=44968"},"modified":"2025-09-05T21:01:02","modified_gmt":"2025-09-06T00:01:02","slug":"el-equipo-argentino-de-copa-davis-se-ilusiona-con-el-cruce-ante-paises-bajos-y-javier-frana-advierte-que-en-cada-serie-se-juegan-dos-partidos","status":"publish","type":"post","link":"https:\/\/masquenoticiastucuman.com.ar\/?p=44968","title":{"rendered":"El equipo argentino de Copa Davis se ilusiona con el cruce ante Pa\u00edses Bajos y Javier Frana advierte que en cada serie &#8220;se juegan dos partidos&#8221;"},"content":{"rendered":"<ul>\n<li>Es por la segunda ronda de los qualifiers, en Groningen, el pr\u00f3ximo viernes 12 y s\u00e1bado 13 de septiembre.<\/li>\n<li>&#8220;Somos favoritos. Lo dije y lo sigo pensando&#8221;, se entusiasm\u00f3 Tom\u00e1s Etcheverry.<\/li>\n<li>Francisco Comesa\u00f1a jugar\u00e1 su primera serie y Zeballos estar\u00e1 en el dobles.<\/li>\n<\/ul>","protected":false},"excerpt":{"rendered":"<p>Es por la segunda ronda de los qualifiers, en Groningen, el pr\u00f3ximo viernes 12 y&#8230;<\/p>\n","protected":false},"author":1,"featured_media":0,"comment_status":"open","ping_status":"open","sticky":false,"template":"","format":"standard","meta":{"footnotes":""},"categories":[6],"tags":[],"class_list":["post-44968","post","type-post","status-publish","format-standard","hentry","category-deportes"],"_links":{"self":[{"href":"https:\/\/masquenoticiastucuman.com.ar\/index.php?rest_route=\/wp\/v2\/posts\/44968","targetHints":{"allow":["GET"]}}],"collection":[{"href":"https:\/\/masquenoticiastucuman.com.ar\/index.php?rest_route=\/wp\/v2\/posts"}],"about":[{"href":"https:\/\/masquenoticiastucuman.com.ar\/index.php?rest_route=\/wp\/v2\/types\/post"}],"author":[{"embeddable":true,"href":"https:\/\/masquenoticiastucuman.com.ar\/index.php?rest_route=\/wp\/v2\/users\/1"}],"replies":[{"embeddable":true,"href":"https:\/\/masquenoticiastucuman.com.ar\/index.php?rest_route=%2Fwp%2Fv2%2Fcomments&post=44968"}],"version-history":[{"count":0,"href":"https:\/\/masquenoticiastucuman.com.ar\/index.php?rest_route=\/wp\/v2\/posts\/44968\/revisions"}],"wp:attachment":[{"href":"https:\/\/masquenoticiastucuman.com.ar\/index.php?rest_route=%2Fwp%2Fv2%2Fmedia&parent=44968"}],"wp:term":[{"taxonomy":"category","embeddable":true,"href":"https:\/\/masquenoticiastucuman.com.ar\/index.php?rest_route=%2Fwp%2Fv2%2Fcategories&post=44968"},{"taxonomy":"post_tag","embeddable":true,"href":"https:\/\/masquenoticiastucuman.com.ar\/index.php?rest_route=%2Fwp%2Fv2%2Ftags&post=44968"}],"curies":[{"name":"wp","href":"https:\/\/api.w.org\/{rel}","templated":true}]}}