{"id":45000,"date":"2025-09-06T10:01:03","date_gmt":"2025-09-06T13:01:03","guid":{"rendered":"http:\/\/masquenoticiastucuman.com.ar\/?p=45000"},"modified":"2025-09-06T10:01:03","modified_gmt":"2025-09-06T13:01:03","slug":"el-importante-anuncio-que-realizo-alpine-con-pierre-gasly-mientras-franco-colapinto-volvio-a-responder-sobre-la-pista","status":"publish","type":"post","link":"https:\/\/masquenoticiastucuman.com.ar\/?p=45000","title":{"rendered":"El importante anuncio que realiz\u00f3 Alpine con Pierre Gasly, mientras Franco Colapinto volvi\u00f3 a responder sobre la pista"},"content":{"rendered":"<ul>\n<li>La escuder\u00eda francesa le renov\u00f3 el contrato al piloto franc\u00e9s hasta 2028.<\/li>\n<li>En tanto, el argentino volvi\u00f3 a dejar atr\u00e1s a su compa\u00f1ero de equipo en la FP3.<\/li>\n<li>La semana pasada, Flavio Briatore hab\u00eda puesto en duda la calidad del pilarense.<\/li>\n<\/ul>","protected":false},"excerpt":{"rendered":"<p>La escuder\u00eda francesa le renov\u00f3 el contrato al piloto franc\u00e9s hasta 2028. En tanto, el&#8230;<\/p>\n","protected":false},"author":1,"featured_media":0,"comment_status":"open","ping_status":"open","sticky":false,"template":"","format":"standard","meta":{"footnotes":""},"categories":[6],"tags":[],"class_list":["post-45000","post","type-post","status-publish","format-standard","hentry","category-deportes"],"_links":{"self":[{"href":"https:\/\/masquenoticiastucuman.com.ar\/index.php?rest_route=\/wp\/v2\/posts\/45000","targetHints":{"allow":["GET"]}}],"collection":[{"href":"https:\/\/masquenoticiastucuman.com.ar\/index.php?rest_route=\/wp\/v2\/posts"}],"about":[{"href":"https:\/\/masquenoticiastucuman.com.ar\/index.php?rest_route=\/wp\/v2\/types\/post"}],"author":[{"embeddable":true,"href":"https:\/\/masquenoticiastucuman.com.ar\/index.php?rest_route=\/wp\/v2\/users\/1"}],"replies":[{"embeddable":true,"href":"https:\/\/masquenoticiastucuman.com.ar\/index.php?rest_route=%2Fwp%2Fv2%2Fcomments&post=45000"}],"version-history":[{"count":0,"href":"https:\/\/masquenoticiastucuman.com.ar\/index.php?rest_route=\/wp\/v2\/posts\/45000\/revisions"}],"wp:attachment":[{"href":"https:\/\/masquenoticiastucuman.com.ar\/index.php?rest_route=%2Fwp%2Fv2%2Fmedia&parent=45000"}],"wp:term":[{"taxonomy":"category","embeddable":true,"href":"https:\/\/masquenoticiastucuman.com.ar\/index.php?rest_route=%2Fwp%2Fv2%2Fcategories&post=45000"},{"taxonomy":"post_tag","embeddable":true,"href":"https:\/\/masquenoticiastucuman.com.ar\/index.php?rest_route=%2Fwp%2Fv2%2Ftags&post=45000"}],"curies":[{"name":"wp","href":"https:\/\/api.w.org\/{rel}","templated":true}]}}