{"id":45002,"date":"2025-09-06T11:01:04","date_gmt":"2025-09-06T14:01:04","guid":{"rendered":"http:\/\/masquenoticiastucuman.com.ar\/?p=45002"},"modified":"2025-09-06T11:01:04","modified_gmt":"2025-09-06T14:01:04","slug":"flavio-briatore-reculo-y-ahora-dijo-que-franco-colapinto-puede-ser-el-segundo-piloto-de-alpine-en-2026-esta-haciendo-un-buen-trabajo","status":"publish","type":"post","link":"https:\/\/masquenoticiastucuman.com.ar\/?p=45002","title":{"rendered":"Flavio Briatore recul\u00f3 y ahora dijo que Franco Colapinto puede ser el segundo piloto de Alpine en 2026: &#8220;Est\u00e1 haciendo un buen trabajo&#8221;"},"content":{"rendered":"<ul>\n<li>El italiano hab\u00eda dicho la semana pasada que tal vez hab\u00eda sido &#8220;un error&#8221; poner al argentino en la F\u00f3rmula 1.<\/li>\n<li>Esta vez, en Monza, explic\u00f3 que el pilarense &#8220;viene manejando de manera consistente&#8221;.<\/li>\n<li>Y que &#8220;podr\u00eda ser \u00e9l&#8221; el compa\u00f1ero de Gasly en la pr\u00f3xima temporada.<\/li>\n<\/ul>","protected":false},"excerpt":{"rendered":"<p>El italiano hab\u00eda dicho la semana pasada que tal vez hab\u00eda sido &#8220;un error&#8221; poner&#8230;<\/p>\n","protected":false},"author":1,"featured_media":0,"comment_status":"open","ping_status":"open","sticky":false,"template":"","format":"standard","meta":{"footnotes":""},"categories":[6],"tags":[],"class_list":["post-45002","post","type-post","status-publish","format-standard","hentry","category-deportes"],"_links":{"self":[{"href":"https:\/\/masquenoticiastucuman.com.ar\/index.php?rest_route=\/wp\/v2\/posts\/45002","targetHints":{"allow":["GET"]}}],"collection":[{"href":"https:\/\/masquenoticiastucuman.com.ar\/index.php?rest_route=\/wp\/v2\/posts"}],"about":[{"href":"https:\/\/masquenoticiastucuman.com.ar\/index.php?rest_route=\/wp\/v2\/types\/post"}],"author":[{"embeddable":true,"href":"https:\/\/masquenoticiastucuman.com.ar\/index.php?rest_route=\/wp\/v2\/users\/1"}],"replies":[{"embeddable":true,"href":"https:\/\/masquenoticiastucuman.com.ar\/index.php?rest_route=%2Fwp%2Fv2%2Fcomments&post=45002"}],"version-history":[{"count":0,"href":"https:\/\/masquenoticiastucuman.com.ar\/index.php?rest_route=\/wp\/v2\/posts\/45002\/revisions"}],"wp:attachment":[{"href":"https:\/\/masquenoticiastucuman.com.ar\/index.php?rest_route=%2Fwp%2Fv2%2Fmedia&parent=45002"}],"wp:term":[{"taxonomy":"category","embeddable":true,"href":"https:\/\/masquenoticiastucuman.com.ar\/index.php?rest_route=%2Fwp%2Fv2%2Fcategories&post=45002"},{"taxonomy":"post_tag","embeddable":true,"href":"https:\/\/masquenoticiastucuman.com.ar\/index.php?rest_route=%2Fwp%2Fv2%2Ftags&post=45002"}],"curies":[{"name":"wp","href":"https:\/\/api.w.org\/{rel}","templated":true}]}}