{"id":45004,"date":"2025-09-06T11:08:48","date_gmt":"2025-09-06T14:08:48","guid":{"rendered":"https:\/\/masquenoticiastucuman.com.ar\/?p=45004"},"modified":"2025-09-06T11:08:49","modified_gmt":"2025-09-06T14:08:49","slug":"jaldo-sobre-el-rechazo-al-veto-de-discapacidad-debemos-proteger-a-los-mas-debiles-que-no-se-metan-con-las-personas-con-discapacidad","status":"publish","type":"post","link":"https:\/\/masquenoticiastucuman.com.ar\/?p=45004","title":{"rendered":"Jaldo sobre el rechazo al veto de Discapacidad: \u201cDebemos proteger a los m\u00e1s d\u00e9biles, que no se metan con las personas con discapacidad\u201d"},"content":{"rendered":"\n<p>El Gobernador remarc\u00f3 que el gobierno nacional intentaba &#8220;quitar derechos&#8221;.<\/p>\n\n\n\n<p>El gobernador&nbsp;<strong>Osvaldo Jaldo<\/strong>&nbsp;se refiri\u00f3 en una rueda de prensa, realizada en el marco de su visita a Amaicha del Valle, al rechazo del Senado de la Naci\u00f3n al veto de la Ley de Emergencia en Discapacidad y destac\u00f3 la importancia de proteger los derechos de las personas con discapacidad.<\/p>\n\n\n\n<p>\u201cEso se ve\u00eda venir, porque&nbsp;<strong>es tratar de quitarle derechos que son indispensables a las personas que tienen discapacidad<\/strong>, desde los medicamentos hasta los tratamientos como tambi\u00e9n las rehabilitaciones. No podemos dejar a un chico, a un joven o a un adulto que tiene discapacidad sin los elementos necesarios para poder tener una mejor calidad de vida dentro del problema que ya tiene\u201d, dijo el mandatario.<\/p>\n\n\n\n<p>Jaldo subray\u00f3 adem\u00e1s la afectaci\u00f3n que esto genera en las familias: \u201cY ni que hablar del problema que se le origina a la familia, al pap\u00e1, a la mam\u00e1 o a los familiares m\u00e1s cercanos con esa persona que tiene una discapacidad y no tenga remedios, insumos, no tenga quien lo atienda profesionalmente, no tenga el m\u00e9dico o el kinesi\u00f3logo. Hay que ponerse en el lugar de cada una de las familias.&nbsp;<strong>L\u00f3gicamente que el Congreso de la Naci\u00f3n se ha opuesto en el Senado ayer y ha sacado casi 63 votos en contra y solamente 6 a favor\u201d.<\/strong><\/p>\n\n\n\n<p>El Gobernador destac\u00f3 el respaldo de distintos senadores nacionales:&nbsp;<strong>\u201cMuchos senadores nacionales que son de los espacios pol\u00edticos del oficialismo no han estado de acuerdo con esta decisi\u00f3n del gobierno nacional.<\/strong>&nbsp;Y ayer lo que ha ocurrido ha sido algo muy bueno para todos aquellos sectores que realmente tienen discapacidad\u201d.<\/p>\n\n\n\n<p>En este marco, Jaldo afirm\u00f3 que&nbsp;<strong>&#8220;desde Tucum\u00e1n vamos a seguir acompa\u00f1ando a las instituciones que atienden a los discapacitados,<\/strong>&nbsp;a los transportistas que llevan a las personas; por eso, hemos eliminado los impuestos tributarios, le pusimos al\u00edcuota cero a todos\u201d.<\/p>\n\n\n\n<p>Finalmente, resalt\u00f3 la importancia de la unidad y el cuidado de los sectores m\u00e1s vulnerables: \u201cTodos tenemos que trabajar y formar una gran familia, esa gran familia argentina y esa gran familia Tucum\u00e1n, pero fundamentalmente proteger a los m\u00e1s d\u00e9biles, que no se metan con nuestros abuelos, que no se metan con nuestros discapacitados.&nbsp;<strong>Felicito a todos los senadores que ayer, una vez m\u00e1s, le dijeron al Presidente (Javier Milei) \u2018par\u00e1 la mano\u2019\u201d.<\/strong><\/p>\n","protected":false},"excerpt":{"rendered":"<p>El Gobernador remarc\u00f3 que el gobierno nacional intentaba &#8220;quitar derechos&#8221;. El gobernador&nbsp;Osvaldo Jaldo&nbsp;se refiri\u00f3 en&#8230;<\/p>\n","protected":false},"author":2,"featured_media":0,"comment_status":"open","ping_status":"open","sticky":false,"template":"","format":"standard","meta":{"footnotes":""},"categories":[2],"tags":[],"class_list":["post-45004","post","type-post","status-publish","format-standard","hentry","category-locales"],"_links":{"self":[{"href":"https:\/\/masquenoticiastucuman.com.ar\/index.php?rest_route=\/wp\/v2\/posts\/45004","targetHints":{"allow":["GET"]}}],"collection":[{"href":"https:\/\/masquenoticiastucuman.com.ar\/index.php?rest_route=\/wp\/v2\/posts"}],"about":[{"href":"https:\/\/masquenoticiastucuman.com.ar\/index.php?rest_route=\/wp\/v2\/types\/post"}],"author":[{"embeddable":true,"href":"https:\/\/masquenoticiastucuman.com.ar\/index.php?rest_route=\/wp\/v2\/users\/2"}],"replies":[{"embeddable":true,"href":"https:\/\/masquenoticiastucuman.com.ar\/index.php?rest_route=%2Fwp%2Fv2%2Fcomments&post=45004"}],"version-history":[{"count":1,"href":"https:\/\/masquenoticiastucuman.com.ar\/index.php?rest_route=\/wp\/v2\/posts\/45004\/revisions"}],"predecessor-version":[{"id":45006,"href":"https:\/\/masquenoticiastucuman.com.ar\/index.php?rest_route=\/wp\/v2\/posts\/45004\/revisions\/45006"}],"wp:attachment":[{"href":"https:\/\/masquenoticiastucuman.com.ar\/index.php?rest_route=%2Fwp%2Fv2%2Fmedia&parent=45004"}],"wp:term":[{"taxonomy":"category","embeddable":true,"href":"https:\/\/masquenoticiastucuman.com.ar\/index.php?rest_route=%2Fwp%2Fv2%2Fcategories&post=45004"},{"taxonomy":"post_tag","embeddable":true,"href":"https:\/\/masquenoticiastucuman.com.ar\/index.php?rest_route=%2Fwp%2Fv2%2Ftags&post=45004"}],"curies":[{"name":"wp","href":"https:\/\/api.w.org\/{rel}","templated":true}]}}