{"id":45007,"date":"2025-09-06T11:10:35","date_gmt":"2025-09-06T14:10:35","guid":{"rendered":"https:\/\/masquenoticiastucuman.com.ar\/?p=45007"},"modified":"2025-09-06T11:10:36","modified_gmt":"2025-09-06T14:10:36","slug":"avanzan-los-trabajos-de-encauzamiento-en-el-rio-medina","status":"publish","type":"post","link":"https:\/\/masquenoticiastucuman.com.ar\/?p=45007","title":{"rendered":"Avanzan los trabajos de encauzamiento en el r\u00edo Medina"},"content":{"rendered":"\n<p>Se interviene un tramo de 1.800 metros con alteos y perfilado del cauce para reforzar la seguridad h\u00eddrica en la zona.<\/p>\n\n\n\n<p id=\"isPasted\">El Ministerio de Obras, Infraestructura y Transporte P\u00fablico, a cargo de<strong>&nbsp;Marcelo Nazur,<\/strong>&nbsp;inform\u00f3 sobre los avances en las obras de encauzamiento del r\u00edo Medina, en la zona de Niogasta, R\u00edo Chico y Nueva Trinidad, departamento Simoca.<\/p>\n\n\n\n<p>Los trabajos, ejecutados por la Direcci\u00f3n Provincial del Agua (DPA) bajo la conducci\u00f3n del&nbsp;<strong>Marcelo Cancillieri<\/strong>, consisten en la reapertura y perfilado del cauce en un tramo de 1.800 metros de longitud, con un ancho de 24 metros y una profundidad promedio de 2 metros. La intervenci\u00f3n incluye la remoci\u00f3n de sedimentos arenosos, troncos y ramas, adem\u00e1s del desmonte de \u00e1rboles en 1,5 km de longitud.<\/p>\n\n\n\n<p>Una de las acciones m\u00e1s relevantes es la construcci\u00f3n de un alteo de protecci\u00f3n sobre la margen derecha, dise\u00f1ado para resguardar a las comunidades ribere\u00f1as de posibles desbordes y procesos de erosi\u00f3n.<\/p>\n","protected":false},"excerpt":{"rendered":"<p>Se interviene un tramo de 1.800 metros con alteos y perfilado del cauce para reforzar&#8230;<\/p>\n","protected":false},"author":2,"featured_media":0,"comment_status":"open","ping_status":"open","sticky":false,"template":"","format":"standard","meta":{"footnotes":""},"categories":[2],"tags":[],"class_list":["post-45007","post","type-post","status-publish","format-standard","hentry","category-locales"],"_links":{"self":[{"href":"https:\/\/masquenoticiastucuman.com.ar\/index.php?rest_route=\/wp\/v2\/posts\/45007","targetHints":{"allow":["GET"]}}],"collection":[{"href":"https:\/\/masquenoticiastucuman.com.ar\/index.php?rest_route=\/wp\/v2\/posts"}],"about":[{"href":"https:\/\/masquenoticiastucuman.com.ar\/index.php?rest_route=\/wp\/v2\/types\/post"}],"author":[{"embeddable":true,"href":"https:\/\/masquenoticiastucuman.com.ar\/index.php?rest_route=\/wp\/v2\/users\/2"}],"replies":[{"embeddable":true,"href":"https:\/\/masquenoticiastucuman.com.ar\/index.php?rest_route=%2Fwp%2Fv2%2Fcomments&post=45007"}],"version-history":[{"count":1,"href":"https:\/\/masquenoticiastucuman.com.ar\/index.php?rest_route=\/wp\/v2\/posts\/45007\/revisions"}],"predecessor-version":[{"id":45009,"href":"https:\/\/masquenoticiastucuman.com.ar\/index.php?rest_route=\/wp\/v2\/posts\/45007\/revisions\/45009"}],"wp:attachment":[{"href":"https:\/\/masquenoticiastucuman.com.ar\/index.php?rest_route=%2Fwp%2Fv2%2Fmedia&parent=45007"}],"wp:term":[{"taxonomy":"category","embeddable":true,"href":"https:\/\/masquenoticiastucuman.com.ar\/index.php?rest_route=%2Fwp%2Fv2%2Fcategories&post=45007"},{"taxonomy":"post_tag","embeddable":true,"href":"https:\/\/masquenoticiastucuman.com.ar\/index.php?rest_route=%2Fwp%2Fv2%2Ftags&post=45007"}],"curies":[{"name":"wp","href":"https:\/\/api.w.org\/{rel}","templated":true}]}}