{"id":45068,"date":"2025-09-07T11:14:42","date_gmt":"2025-09-07T14:14:42","guid":{"rendered":"https:\/\/masquenoticiastucuman.com.ar\/?p=45068"},"modified":"2025-09-07T11:14:43","modified_gmt":"2025-09-07T14:14:43","slug":"traslado-aereo-de-una-paciente-con-diagnostico-critico-a-cordoba","status":"publish","type":"post","link":"https:\/\/masquenoticiastucuman.com.ar\/?p=45068","title":{"rendered":"Traslado a\u00e9reo de una paciente con diagn\u00f3stico cr\u00edtico a C\u00f3rdoba"},"content":{"rendered":"\n<p>El operativo a\u00e9reo sanitario fue realizado para garantizar la atenci\u00f3n de una joven de 20 a\u00f1os que requer\u00eda derivaci\u00f3n urgente.<\/p>\n\n\n\n<p id=\"isPasted\">El Ministerio de Salud P\u00fablica, a cargo de&nbsp;<strong>Luis Medina Ruiz<\/strong>, con el apoyo del Gobierno de la Provincia, encabezado por el gobernador&nbsp;<strong>Osvaldo Jaldo,&nbsp;<\/strong>concret\u00f3 un operativo a\u00e9reo sanitario para garantizar la atenci\u00f3n de una joven de 20 a\u00f1os que requer\u00eda derivaci\u00f3n urgente.<\/p>\n\n\n\n<p>La paciente, con diagn\u00f3stico de leucemia linfobl\u00e1stica aguda, fue trasladada en avi\u00f3n sanitario hacia un centro de mayor complejidad en la provincia de C\u00f3rdoba, con el objetivo de dar continuidad a estudios y tratamientos especializados.<\/p>\n\n\n\n<figure class=\"wp-block-image size-large\"><img decoding=\"async\" src=\"https:\/\/masquenoticiastucuman.com.ar\/wp-content\/uploads\/2025\/09\/250906194425_92823-1024x768.jpg\" alt=\"\" class=\"wp-image-45069\" \/><\/figure>\n\n\n\n<p>Durante el vuelo recibi\u00f3 asistencia permanente de profesionales m\u00e9dicos y de enfermer\u00eda, manteni\u00e9ndose estable y compensada hasta su arribo al destino. El operativo cont\u00f3 con la intervenci\u00f3n la doctora&nbsp;<strong>Patricia Villagra<\/strong>&nbsp;y de la Direcci\u00f3n de Aeron\u00e1utica, a cargo de&nbsp;<strong>Aldo Efrain Leccese;&nbsp;<\/strong>&nbsp;participando el comandante&nbsp;<strong>Jos\u00e9 Luis Bustos<\/strong>&nbsp;y el copiloto&nbsp;<strong>Eduardo Pastor<\/strong>, quienes garantizaron la seguridad del traslado.<\/p>\n\n\n\n<p>Con esta acci\u00f3n, la Provincia refuerza su compromiso de brindar respuestas r\u00e1pidas y efectivas en situaciones cr\u00edticas, asegurando el acceso de los pacientes a centros de alta complejidad cuando el cuadro cl\u00ednico as\u00ed lo requiere.<\/p>\n","protected":false},"excerpt":{"rendered":"<p>El operativo a\u00e9reo sanitario fue realizado para garantizar la atenci\u00f3n de una joven de 20&#8230;<\/p>\n","protected":false},"author":2,"featured_media":0,"comment_status":"open","ping_status":"open","sticky":false,"template":"","format":"standard","meta":{"footnotes":""},"categories":[2],"tags":[],"class_list":["post-45068","post","type-post","status-publish","format-standard","hentry","category-locales"],"_links":{"self":[{"href":"https:\/\/masquenoticiastucuman.com.ar\/index.php?rest_route=\/wp\/v2\/posts\/45068","targetHints":{"allow":["GET"]}}],"collection":[{"href":"https:\/\/masquenoticiastucuman.com.ar\/index.php?rest_route=\/wp\/v2\/posts"}],"about":[{"href":"https:\/\/masquenoticiastucuman.com.ar\/index.php?rest_route=\/wp\/v2\/types\/post"}],"author":[{"embeddable":true,"href":"https:\/\/masquenoticiastucuman.com.ar\/index.php?rest_route=\/wp\/v2\/users\/2"}],"replies":[{"embeddable":true,"href":"https:\/\/masquenoticiastucuman.com.ar\/index.php?rest_route=%2Fwp%2Fv2%2Fcomments&post=45068"}],"version-history":[{"count":1,"href":"https:\/\/masquenoticiastucuman.com.ar\/index.php?rest_route=\/wp\/v2\/posts\/45068\/revisions"}],"predecessor-version":[{"id":45071,"href":"https:\/\/masquenoticiastucuman.com.ar\/index.php?rest_route=\/wp\/v2\/posts\/45068\/revisions\/45071"}],"wp:attachment":[{"href":"https:\/\/masquenoticiastucuman.com.ar\/index.php?rest_route=%2Fwp%2Fv2%2Fmedia&parent=45068"}],"wp:term":[{"taxonomy":"category","embeddable":true,"href":"https:\/\/masquenoticiastucuman.com.ar\/index.php?rest_route=%2Fwp%2Fv2%2Fcategories&post=45068"},{"taxonomy":"post_tag","embeddable":true,"href":"https:\/\/masquenoticiastucuman.com.ar\/index.php?rest_route=%2Fwp%2Fv2%2Ftags&post=45068"}],"curies":[{"name":"wp","href":"https:\/\/api.w.org\/{rel}","templated":true}]}}