{"id":45073,"date":"2025-09-07T13:02:15","date_gmt":"2025-09-07T16:02:15","guid":{"rendered":"https:\/\/masquenoticiastucuman.com.ar\/?p=45073"},"modified":"2025-09-07T13:02:15","modified_gmt":"2025-09-07T16:02:15","slug":"extienden-la-entrega-del-boleto-gratuito-para-jubilados-en-el-complejo-belgrano","status":"publish","type":"post","link":"https:\/\/masquenoticiastucuman.com.ar\/?p=45073","title":{"rendered":"Extienden la entrega del Boleto Gratuito para Jubilados en el Complejo Belgrano"},"content":{"rendered":"\n<p>Quienes no pudieron retirar sus boletos, podr\u00e1n hacerlo este lunes en el Complejo Belgrano.<\/p>\n\n\n\n<p id=\"isPasted\">El Ministerio de Obras, Infraestructura y Transporte P\u00fablico, a cargo de&nbsp;<strong>Marcelo Nazur,<\/strong>&nbsp;inform\u00f3 que, por decisi\u00f3n del gobernador Osvaldo Jaldo, se dispuso extender la entrega del Boleto Gratuito para Jubilados.<\/p>\n\n\n\n<p>El operativo se extender\u00e1 hasta el pr\u00f3ximo lunes 8 de septiembre en el Complejo Belgrano, con atenci\u00f3n de 7 a 13 horas. Esto permitir\u00e1 a los jubilados retirar sus boletos correspondientes a los meses de septiembre, octubre y noviembre, con vigencia hasta el 10 de diciembre.<\/p>\n\n\n\n<p>El beneficio, coordinado por la Secretar\u00eda de Transporte de la Provincia, a cargo de&nbsp;<strong>Vicente Nicastro<\/strong>, permite a miles de jubilados tucumanos acceder de manera gratuita al transporte p\u00fablico, aliviando sus gastos cotidianos y garantizando su movilidad para actividades esenciales como la atenci\u00f3n m\u00e9dica, la recreaci\u00f3n y los tr\u00e1mites personales.<\/p>\n\n\n\n<p>El ministro Nazur destac\u00f3 que esta medida forma parte de las pol\u00edticas de inclusi\u00f3n que el Gobierno de Tucum\u00e1n viene llevando adelante:<\/p>\n\n\n\n<p>\u201cCada boleto que llega a manos de un jubilado es un compromiso cumplido con quienes trabajaron toda su vida. Este programa refleja la decisi\u00f3n del gobernador Osvaldo Jaldo de acompa\u00f1ar a los sectores m\u00e1s sensibles de la sociedad y garantizar que los beneficios del Estado lleguen a cada rinc\u00f3n de la provincia\u201d.<\/p>\n\n\n\n<p>Con esta extensi\u00f3n, el Gobierno provincial refuerza su compromiso con los adultos mayores, asegurando igualdad de oportunidades y un acceso m\u00e1s justo al transporte p\u00fablico en todo Tucum\u00e1n.<\/p>\n","protected":false},"excerpt":{"rendered":"<p>Quienes no pudieron retirar sus boletos, podr\u00e1n hacerlo este lunes en el Complejo Belgrano. El&#8230;<\/p>\n","protected":false},"author":2,"featured_media":0,"comment_status":"open","ping_status":"open","sticky":false,"template":"","format":"standard","meta":{"footnotes":""},"categories":[2],"tags":[],"class_list":["post-45073","post","type-post","status-publish","format-standard","hentry","category-locales"],"_links":{"self":[{"href":"https:\/\/masquenoticiastucuman.com.ar\/index.php?rest_route=\/wp\/v2\/posts\/45073","targetHints":{"allow":["GET"]}}],"collection":[{"href":"https:\/\/masquenoticiastucuman.com.ar\/index.php?rest_route=\/wp\/v2\/posts"}],"about":[{"href":"https:\/\/masquenoticiastucuman.com.ar\/index.php?rest_route=\/wp\/v2\/types\/post"}],"author":[{"embeddable":true,"href":"https:\/\/masquenoticiastucuman.com.ar\/index.php?rest_route=\/wp\/v2\/users\/2"}],"replies":[{"embeddable":true,"href":"https:\/\/masquenoticiastucuman.com.ar\/index.php?rest_route=%2Fwp%2Fv2%2Fcomments&post=45073"}],"version-history":[{"count":1,"href":"https:\/\/masquenoticiastucuman.com.ar\/index.php?rest_route=\/wp\/v2\/posts\/45073\/revisions"}],"predecessor-version":[{"id":45075,"href":"https:\/\/masquenoticiastucuman.com.ar\/index.php?rest_route=\/wp\/v2\/posts\/45073\/revisions\/45075"}],"wp:attachment":[{"href":"https:\/\/masquenoticiastucuman.com.ar\/index.php?rest_route=%2Fwp%2Fv2%2Fmedia&parent=45073"}],"wp:term":[{"taxonomy":"category","embeddable":true,"href":"https:\/\/masquenoticiastucuman.com.ar\/index.php?rest_route=%2Fwp%2Fv2%2Fcategories&post=45073"},{"taxonomy":"post_tag","embeddable":true,"href":"https:\/\/masquenoticiastucuman.com.ar\/index.php?rest_route=%2Fwp%2Fv2%2Ftags&post=45073"}],"curies":[{"name":"wp","href":"https:\/\/api.w.org\/{rel}","templated":true}]}}