{"id":45088,"date":"2025-09-07T19:01:03","date_gmt":"2025-09-07T22:01:03","guid":{"rendered":"http:\/\/masquenoticiastucuman.com.ar\/?p=45088"},"modified":"2025-09-07T19:01:03","modified_gmt":"2025-09-07T22:01:03","slug":"eran-todos-messi-un-jugador-de-brasil-conto-la-pesadilla-que-vivio-en-la-goleada-de-argentina-al-scratch-en-el-monumental","status":"publish","type":"post","link":"https:\/\/masquenoticiastucuman.com.ar\/?p=45088","title":{"rendered":"&#8220;Eran todos Messi&#8221;: un jugador de Brasil cont\u00f3 la pesadilla que vivi\u00f3 en la goleada de Argentina al Scratch en el Monumental"},"content":{"rendered":"<ul>\n<li>Estuvo el 25 de marzo en el hist\u00f3rico 4-1 de la Selecci\u00f3n en el Monumental y destac\u00f3 al equipo de Scaloni, que justamente no hab\u00eda contado con Leo.<\/li>\n<\/ul>","protected":false},"excerpt":{"rendered":"<p>Estuvo el 25 de marzo en el hist\u00f3rico 4-1 de la Selecci\u00f3n en el Monumental&#8230;<\/p>\n","protected":false},"author":1,"featured_media":0,"comment_status":"open","ping_status":"open","sticky":false,"template":"","format":"standard","meta":{"footnotes":""},"categories":[6],"tags":[],"class_list":["post-45088","post","type-post","status-publish","format-standard","hentry","category-deportes"],"_links":{"self":[{"href":"https:\/\/masquenoticiastucuman.com.ar\/index.php?rest_route=\/wp\/v2\/posts\/45088","targetHints":{"allow":["GET"]}}],"collection":[{"href":"https:\/\/masquenoticiastucuman.com.ar\/index.php?rest_route=\/wp\/v2\/posts"}],"about":[{"href":"https:\/\/masquenoticiastucuman.com.ar\/index.php?rest_route=\/wp\/v2\/types\/post"}],"author":[{"embeddable":true,"href":"https:\/\/masquenoticiastucuman.com.ar\/index.php?rest_route=\/wp\/v2\/users\/1"}],"replies":[{"embeddable":true,"href":"https:\/\/masquenoticiastucuman.com.ar\/index.php?rest_route=%2Fwp%2Fv2%2Fcomments&post=45088"}],"version-history":[{"count":0,"href":"https:\/\/masquenoticiastucuman.com.ar\/index.php?rest_route=\/wp\/v2\/posts\/45088\/revisions"}],"wp:attachment":[{"href":"https:\/\/masquenoticiastucuman.com.ar\/index.php?rest_route=%2Fwp%2Fv2%2Fmedia&parent=45088"}],"wp:term":[{"taxonomy":"category","embeddable":true,"href":"https:\/\/masquenoticiastucuman.com.ar\/index.php?rest_route=%2Fwp%2Fv2%2Fcategories&post=45088"},{"taxonomy":"post_tag","embeddable":true,"href":"https:\/\/masquenoticiastucuman.com.ar\/index.php?rest_route=%2Fwp%2Fv2%2Ftags&post=45088"}],"curies":[{"name":"wp","href":"https:\/\/api.w.org\/{rel}","templated":true}]}}