{"id":45108,"date":"2025-09-08T06:01:03","date_gmt":"2025-09-08T09:01:03","guid":{"rendered":"http:\/\/masquenoticiastucuman.com.ar\/?p=45108"},"modified":"2025-09-08T06:01:03","modified_gmt":"2025-09-08T09:01:03","slug":"tras-la-violencia-en-avellaneda-river-ajusta-el-operativo-de-seguridad-para-el-cruce-copero-vs-palmeiras-habra-visitantes-en-el-monumental","status":"publish","type":"post","link":"https:\/\/masquenoticiastucuman.com.ar\/?p=45108","title":{"rendered":"Tras la violencia en Avellaneda, River ajusta el operativo de seguridad para el cruce copero vs Palmeiras: \u00bfhabr\u00e1 visitantes en el Monumental?"},"content":{"rendered":"<ul>\n<li>Hay m\u00e1xima preocupaci\u00f3n por el cruce que arrancar\u00e1 en Buenos Aires el 17 de septiembre y finalizar\u00e1 en San Pablo, el 24 de septiembre en el Allianz Parque.<\/li>\n<li>Tanto los brasile\u00f1os que vengan a Buenos Aires como los argentinos que viajen a San Pablo estar\u00e1n identificados con nombre, apellido y DNI.<\/li>\n<li>Los precios de las entradas para los argentinos que quieran ir al Allianz Parque.<\/li>\n<\/ul>","protected":false},"excerpt":{"rendered":"<p>Hay m\u00e1xima preocupaci\u00f3n por el cruce que arrancar\u00e1 en Buenos Aires el 17 de septiembre&#8230;<\/p>\n","protected":false},"author":1,"featured_media":0,"comment_status":"open","ping_status":"open","sticky":false,"template":"","format":"standard","meta":{"footnotes":""},"categories":[6],"tags":[],"class_list":["post-45108","post","type-post","status-publish","format-standard","hentry","category-deportes"],"_links":{"self":[{"href":"https:\/\/masquenoticiastucuman.com.ar\/index.php?rest_route=\/wp\/v2\/posts\/45108","targetHints":{"allow":["GET"]}}],"collection":[{"href":"https:\/\/masquenoticiastucuman.com.ar\/index.php?rest_route=\/wp\/v2\/posts"}],"about":[{"href":"https:\/\/masquenoticiastucuman.com.ar\/index.php?rest_route=\/wp\/v2\/types\/post"}],"author":[{"embeddable":true,"href":"https:\/\/masquenoticiastucuman.com.ar\/index.php?rest_route=\/wp\/v2\/users\/1"}],"replies":[{"embeddable":true,"href":"https:\/\/masquenoticiastucuman.com.ar\/index.php?rest_route=%2Fwp%2Fv2%2Fcomments&post=45108"}],"version-history":[{"count":0,"href":"https:\/\/masquenoticiastucuman.com.ar\/index.php?rest_route=\/wp\/v2\/posts\/45108\/revisions"}],"wp:attachment":[{"href":"https:\/\/masquenoticiastucuman.com.ar\/index.php?rest_route=%2Fwp%2Fv2%2Fmedia&parent=45108"}],"wp:term":[{"taxonomy":"category","embeddable":true,"href":"https:\/\/masquenoticiastucuman.com.ar\/index.php?rest_route=%2Fwp%2Fv2%2Fcategories&post=45108"},{"taxonomy":"post_tag","embeddable":true,"href":"https:\/\/masquenoticiastucuman.com.ar\/index.php?rest_route=%2Fwp%2Fv2%2Ftags&post=45108"}],"curies":[{"name":"wp","href":"https:\/\/api.w.org\/{rel}","templated":true}]}}