{"id":45122,"date":"2025-09-08T08:23:10","date_gmt":"2025-09-08T11:23:10","guid":{"rendered":"https:\/\/masquenoticiastucuman.com.ar\/?p=45122"},"modified":"2025-09-08T08:23:10","modified_gmt":"2025-09-08T11:23:10","slug":"secuestran-80-kilos-de-carne-equina-faenada-y-elementos-vinculados-a-esta-causa","status":"publish","type":"post","link":"https:\/\/masquenoticiastucuman.com.ar\/?p=45122","title":{"rendered":"Secuestran 80 kilos de carne equina faenada y elementos vinculados a esta causa"},"content":{"rendered":"\n<p>La Polic\u00eda allan\u00f3 dos domicilios en la localidad de La Trinidad donde procedi\u00f3 al decomiso de 80 kilos de carne de caballo, restos de estos animales dispersos en el terreno y gran cantidad de elementos que utilizan para concretar este delito.<\/p>\n\n\n\n<p id=\"isPasted\">Una denuncia por abigeato, llev\u00f3 a efectivos de la&nbsp;<strong>Divisi\u00f3n Delitos Rurales y Ambientales Graneros<\/strong>&nbsp;a investigar este hecho y, luego de recabar pruebas solicitaron medidas judiciales para dos domicilios, una de ellos de un tal \u201cCholo\u201d, ubicado a la vera del R\u00edo Medina.<\/p>\n\n\n\n<p>La medida se concret\u00f3 este domingo por la ma\u00f1ana donde los efectivos de la Unidad Especial lograron el secuestro de lo mencionado. En tanto en el otro inmueble tomaron muestras fotogr\u00e1ficas y f\u00edlmicas donde claramente se visualiza la faena clandestina de animales equinos productos del abigeato o de dudosa procedencia.<\/p>\n\n\n\n<p>La polic\u00eda continuar\u00e1 con las averiguaciones pertinentes para esclarecer esta situaci\u00f3n.<\/p>\n","protected":false},"excerpt":{"rendered":"<p>La Polic\u00eda allan\u00f3 dos domicilios en la localidad de La Trinidad donde procedi\u00f3 al decomiso&#8230;<\/p>\n","protected":false},"author":2,"featured_media":0,"comment_status":"open","ping_status":"open","sticky":false,"template":"","format":"standard","meta":{"footnotes":""},"categories":[2],"tags":[],"class_list":["post-45122","post","type-post","status-publish","format-standard","hentry","category-locales"],"_links":{"self":[{"href":"https:\/\/masquenoticiastucuman.com.ar\/index.php?rest_route=\/wp\/v2\/posts\/45122","targetHints":{"allow":["GET"]}}],"collection":[{"href":"https:\/\/masquenoticiastucuman.com.ar\/index.php?rest_route=\/wp\/v2\/posts"}],"about":[{"href":"https:\/\/masquenoticiastucuman.com.ar\/index.php?rest_route=\/wp\/v2\/types\/post"}],"author":[{"embeddable":true,"href":"https:\/\/masquenoticiastucuman.com.ar\/index.php?rest_route=\/wp\/v2\/users\/2"}],"replies":[{"embeddable":true,"href":"https:\/\/masquenoticiastucuman.com.ar\/index.php?rest_route=%2Fwp%2Fv2%2Fcomments&post=45122"}],"version-history":[{"count":1,"href":"https:\/\/masquenoticiastucuman.com.ar\/index.php?rest_route=\/wp\/v2\/posts\/45122\/revisions"}],"predecessor-version":[{"id":45124,"href":"https:\/\/masquenoticiastucuman.com.ar\/index.php?rest_route=\/wp\/v2\/posts\/45122\/revisions\/45124"}],"wp:attachment":[{"href":"https:\/\/masquenoticiastucuman.com.ar\/index.php?rest_route=%2Fwp%2Fv2%2Fmedia&parent=45122"}],"wp:term":[{"taxonomy":"category","embeddable":true,"href":"https:\/\/masquenoticiastucuman.com.ar\/index.php?rest_route=%2Fwp%2Fv2%2Fcategories&post=45122"},{"taxonomy":"post_tag","embeddable":true,"href":"https:\/\/masquenoticiastucuman.com.ar\/index.php?rest_route=%2Fwp%2Fv2%2Ftags&post=45122"}],"curies":[{"name":"wp","href":"https:\/\/api.w.org\/{rel}","templated":true}]}}