{"id":45139,"date":"2025-09-08T11:01:04","date_gmt":"2025-09-08T14:01:04","guid":{"rendered":"http:\/\/masquenoticiastucuman.com.ar\/?p=45139"},"modified":"2025-09-08T11:01:04","modified_gmt":"2025-09-08T14:01:04","slug":"lionel-scaloni-analiza-varios-cambios-en-la-seleccion-argentina-para-jugar-contra-ecuador-los-que-jugaron-menos-merecen-mostrar-que-pueden-estar","status":"publish","type":"post","link":"https:\/\/masquenoticiastucuman.com.ar\/?p=45139","title":{"rendered":"Lionel Scaloni analiza varios cambios en la Selecci\u00f3n Argentina para jugar contra Ecuador: &#8220;Los que jugaron menos merecen mostrar que pueden estar&#8221;"},"content":{"rendered":"<ul>\n<li>El DT habl\u00f3 este lunes por la ma\u00f1ana en el predio de Ezeiza.<\/li>\n<li>Evit\u00f3 hablar de la lista mundialista y dijo no saber nada sobre la Finalissima contra Espa\u00f1a.<\/li>\n<\/ul>","protected":false},"excerpt":{"rendered":"<p>El DT habl\u00f3 este lunes por la ma\u00f1ana en el predio de Ezeiza. Evit\u00f3 hablar&#8230;<\/p>\n","protected":false},"author":1,"featured_media":0,"comment_status":"open","ping_status":"open","sticky":false,"template":"","format":"standard","meta":{"footnotes":""},"categories":[6],"tags":[],"class_list":["post-45139","post","type-post","status-publish","format-standard","hentry","category-deportes"],"_links":{"self":[{"href":"https:\/\/masquenoticiastucuman.com.ar\/index.php?rest_route=\/wp\/v2\/posts\/45139","targetHints":{"allow":["GET"]}}],"collection":[{"href":"https:\/\/masquenoticiastucuman.com.ar\/index.php?rest_route=\/wp\/v2\/posts"}],"about":[{"href":"https:\/\/masquenoticiastucuman.com.ar\/index.php?rest_route=\/wp\/v2\/types\/post"}],"author":[{"embeddable":true,"href":"https:\/\/masquenoticiastucuman.com.ar\/index.php?rest_route=\/wp\/v2\/users\/1"}],"replies":[{"embeddable":true,"href":"https:\/\/masquenoticiastucuman.com.ar\/index.php?rest_route=%2Fwp%2Fv2%2Fcomments&post=45139"}],"version-history":[{"count":0,"href":"https:\/\/masquenoticiastucuman.com.ar\/index.php?rest_route=\/wp\/v2\/posts\/45139\/revisions"}],"wp:attachment":[{"href":"https:\/\/masquenoticiastucuman.com.ar\/index.php?rest_route=%2Fwp%2Fv2%2Fmedia&parent=45139"}],"wp:term":[{"taxonomy":"category","embeddable":true,"href":"https:\/\/masquenoticiastucuman.com.ar\/index.php?rest_route=%2Fwp%2Fv2%2Fcategories&post=45139"},{"taxonomy":"post_tag","embeddable":true,"href":"https:\/\/masquenoticiastucuman.com.ar\/index.php?rest_route=%2Fwp%2Fv2%2Ftags&post=45139"}],"curies":[{"name":"wp","href":"https:\/\/api.w.org\/{rel}","templated":true}]}}