{"id":45141,"date":"2025-09-08T11:54:53","date_gmt":"2025-09-08T14:54:53","guid":{"rendered":"https:\/\/masquenoticiastucuman.com.ar\/?p=45141"},"modified":"2025-09-08T11:54:54","modified_gmt":"2025-09-08T14:54:54","slug":"jaldo-destaco-el-desarrollo-normal-de-las-elecciones-en-buenos-aires","status":"publish","type":"post","link":"https:\/\/masquenoticiastucuman.com.ar\/?p=45141","title":{"rendered":"Jaldo destac\u00f3 el desarrollo normal de las elecciones en Buenos Aires"},"content":{"rendered":"\n<p>En un mensaje dirigido a la ciudadan\u00eda, el mandatario felicit\u00f3 a los bonaerenses por su participaci\u00f3n en un acto electoral que se desarroll\u00f3 con total normalidad y sin denuncias de irregularidades.<\/p>\n\n\n\n<p>El gobernador,&nbsp;<strong>Osvaldo Jaldo<\/strong>, junto al pleno del Gabinete de Ministros del Poder Ejecutivo, en una conferencia de prensa, desde el antedespacho de la Casa de Gobierno, se refiri\u00f3 al proceso electoral que se desarroll\u00f3 en la provincia de Buenos Aires, destacando el cumplimiento c\u00edvico de los ciudadanos y el respeto por las instituciones democr\u00e1ticas.<\/p>\n\n\n\n<p>Estuvo acompa\u00f1ado por los ministros&nbsp;<strong>Daniel Abad&nbsp;<\/strong>(Econom\u00eda y Producci\u00f3n);<strong>&nbsp;Dar\u00edo Monteros<\/strong>&nbsp;(Interior);&nbsp;<strong>Susana Montaldo<\/strong>&nbsp;(Educaci\u00f3n),&nbsp;<strong>Federico Masso<\/strong>&nbsp;(Desarrollo Social),&nbsp;<strong>Marcelo Nazur<\/strong>&nbsp;(Obras y Servicios P\u00fablicos),<strong>&nbsp;Eugenio Ag\u00fcero Gamboa<\/strong>&nbsp;(Seguridad) y&nbsp;<strong>Luis Medina Ruiz<\/strong>&nbsp;(Salud P\u00fablica); la fiscal de Estado,&nbsp;<strong>Gilda Pedicone de Valls;&nbsp;<\/strong>el secretario general de la Gobernaci\u00f3n,&nbsp;<strong>Federico Nazur&nbsp;<\/strong>y el secretario de Producci\u00f3n,&nbsp;<strong>Eduardo Castro.<\/strong><\/p>\n\n\n\n<figure class=\"wp-block-image size-large\"><img decoding=\"async\" src=\"https:\/\/masquenoticiastucuman.com.ar\/wp-content\/uploads\/2025\/09\/250908113544_42918-1024x682.jpeg\" alt=\"\" class=\"wp-image-45142\" \/><\/figure>\n\n\n\n<p>Jaldo resalt\u00f3 la importancia de este tipo de procesos democr\u00e1ticos en el pa\u00eds, enfatizando que las elecciones fueron un claro ejemplo de madurez c\u00edvica. &#8220;La Argentina sigue madurando democr\u00e1ticamente&#8221;, expres\u00f3, subrayando el compromiso de la ciudadan\u00eda con la paz social y el respeto por el sistema electoral. Asimismo, destac\u00f3 el rol clave de los partidos y candidatos que participaron en los comicios, felicitando especialmente al gobernador de Buenos Aires,&nbsp;<strong>Axel Kicillof<\/strong>, por el desempe\u00f1o electoral de su espacio.<\/p>\n\n\n\n<p>En cuanto al resultado, el Gobernador reconoci\u00f3 que el proceso hab\u00eda sido &#8220;re\u00f1ido&#8221;, con un empate t\u00e9cnico en las encuestas, pero asegur\u00f3 que no se debe considerar esta variable como un hecho concreto en pol\u00edtica, dado que las elecciones se resuelven en las urnas. &#8220;Se gana o se pierde en la urna&#8221;, se\u00f1al\u00f3. El gobernador de Tucum\u00e1n destac\u00f3 la diferencia obtenida por el espacio oficialista, Fuerza Patria, que super\u00f3 a su competencia por m\u00e1s de trece puntos. Asegur\u00f3 que este resultado consolida la fuerza pol\u00edtica, y en particular al Partido Justicialista, que se mantiene como la columna vertebral del frente.<\/p>\n\n\n\n<p>Tambi\u00e9n salud\u00f3 a la ciudadan\u00eda bonaerense, reconociendo la alta participaci\u00f3n en las elecciones, que super\u00f3 el 60%. Consider\u00f3 que esta cifra refleja una involucraci\u00f3n c\u00edvica positiva y se mostr\u00f3 confiado en que, en las elecciones nacionales del pr\u00f3ximo 26 de octubre, los bonaerenses volver\u00e1n a expresarse de manera similar. A pesar de las diferencias en cada jurisdicci\u00f3n, subray\u00f3 la importancia de que cada elecci\u00f3n tenga en cuenta sus particularidades.<\/p>\n\n\n\n<p><em>El gobernador tucumano hizo un llamado a la unidad y al trabajo conjunto de todos los argentinos, a fin de preservar la paz social y fortalecer el desarrollo econ\u00f3mico. &#8220;Tenemos que seguir trabajando juntos para profundizar lo que se ha logrado en t\u00e9rminos de producci\u00f3n, industria y comercio&#8221;, expres\u00f3, destacando que estos sectores son los que dinamizan la econom\u00eda y generan puestos de trabajo.<\/em><\/p>\n\n\n\n<p>En ese sentido, Jaldo tambi\u00e9n se refiri\u00f3 a las repercusiones que los resultados electorales pueden tener en las variables macroecon\u00f3micas del pa\u00eds. Se\u00f1al\u00f3 que, aunque el gobierno nacional ha mantenido un esfuerzo constante para controlar las variables econ\u00f3micas, algunos movimientos recientes en los mercados, como el aumento del riesgo pa\u00eds y el valor del d\u00f3lar, podr\u00edan tener efectos adversos. &#8220;Es fundamental que los tucumanos se mantengan tranquilos&#8221;, indic\u00f3, y asegur\u00f3 que la provincia de Tucum\u00e1n se encuentra consolidada econ\u00f3mica y financieramente, por lo que podr\u00e1 seguir adelante con su desarrollo, independientemente de los desaf\u00edos a nivel nacional.<\/p>\n\n\n\n<p>El gobernador finaliz\u00f3 su intervenci\u00f3n instando a la calma y la prudencia, asegurando que la provincia continuar\u00e1 trabajando para afrontar los posibles efectos negativos de las fluctuaciones econ\u00f3micas nacionales, confiando en la estabilidad que mantiene Tucum\u00e1n en el \u00e1mbito econ\u00f3mico.<\/p>\n","protected":false},"excerpt":{"rendered":"<p>En un mensaje dirigido a la ciudadan\u00eda, el mandatario felicit\u00f3 a los bonaerenses por su&#8230;<\/p>\n","protected":false},"author":2,"featured_media":0,"comment_status":"open","ping_status":"open","sticky":false,"template":"","format":"standard","meta":{"footnotes":""},"categories":[2],"tags":[],"class_list":["post-45141","post","type-post","status-publish","format-standard","hentry","category-locales"],"_links":{"self":[{"href":"https:\/\/masquenoticiastucuman.com.ar\/index.php?rest_route=\/wp\/v2\/posts\/45141","targetHints":{"allow":["GET"]}}],"collection":[{"href":"https:\/\/masquenoticiastucuman.com.ar\/index.php?rest_route=\/wp\/v2\/posts"}],"about":[{"href":"https:\/\/masquenoticiastucuman.com.ar\/index.php?rest_route=\/wp\/v2\/types\/post"}],"author":[{"embeddable":true,"href":"https:\/\/masquenoticiastucuman.com.ar\/index.php?rest_route=\/wp\/v2\/users\/2"}],"replies":[{"embeddable":true,"href":"https:\/\/masquenoticiastucuman.com.ar\/index.php?rest_route=%2Fwp%2Fv2%2Fcomments&post=45141"}],"version-history":[{"count":1,"href":"https:\/\/masquenoticiastucuman.com.ar\/index.php?rest_route=\/wp\/v2\/posts\/45141\/revisions"}],"predecessor-version":[{"id":45144,"href":"https:\/\/masquenoticiastucuman.com.ar\/index.php?rest_route=\/wp\/v2\/posts\/45141\/revisions\/45144"}],"wp:attachment":[{"href":"https:\/\/masquenoticiastucuman.com.ar\/index.php?rest_route=%2Fwp%2Fv2%2Fmedia&parent=45141"}],"wp:term":[{"taxonomy":"category","embeddable":true,"href":"https:\/\/masquenoticiastucuman.com.ar\/index.php?rest_route=%2Fwp%2Fv2%2Fcategories&post=45141"},{"taxonomy":"post_tag","embeddable":true,"href":"https:\/\/masquenoticiastucuman.com.ar\/index.php?rest_route=%2Fwp%2Fv2%2Ftags&post=45141"}],"curies":[{"name":"wp","href":"https:\/\/api.w.org\/{rel}","templated":true}]}}