{"id":45159,"date":"2025-09-08T14:01:06","date_gmt":"2025-09-08T17:01:06","guid":{"rendered":"http:\/\/masquenoticiastucuman.com.ar\/?p=45159"},"modified":"2025-09-08T14:01:06","modified_gmt":"2025-09-08T17:01:06","slug":"murio-carlos-silva-ex-arquero-de-boca-que-fue-ayudante-de-menotti-en-rosario-central","status":"publish","type":"post","link":"https:\/\/masquenoticiastucuman.com.ar\/?p=45159","title":{"rendered":"Muri\u00f3 Carlos Silva, ex arquero de Boca que fue ayudante de Menotti en Rosario Central"},"content":{"rendered":"<ul>\n<li>Ten\u00eda 60 a\u00f1os, era uruguayo, pero hab\u00eda hecho toda su carrera en Argentina, donde segu\u00eda radicado.<\/li>\n<li>Muri\u00f3 tras descompensarse cuando manejaba su auto. <\/li>\n<\/ul>","protected":false},"excerpt":{"rendered":"<p>Ten\u00eda 60 a\u00f1os, era uruguayo, pero hab\u00eda hecho toda su carrera en Argentina, donde segu\u00eda&#8230;<\/p>\n","protected":false},"author":1,"featured_media":0,"comment_status":"open","ping_status":"open","sticky":false,"template":"","format":"standard","meta":{"footnotes":""},"categories":[6],"tags":[],"class_list":["post-45159","post","type-post","status-publish","format-standard","hentry","category-deportes"],"_links":{"self":[{"href":"https:\/\/masquenoticiastucuman.com.ar\/index.php?rest_route=\/wp\/v2\/posts\/45159","targetHints":{"allow":["GET"]}}],"collection":[{"href":"https:\/\/masquenoticiastucuman.com.ar\/index.php?rest_route=\/wp\/v2\/posts"}],"about":[{"href":"https:\/\/masquenoticiastucuman.com.ar\/index.php?rest_route=\/wp\/v2\/types\/post"}],"author":[{"embeddable":true,"href":"https:\/\/masquenoticiastucuman.com.ar\/index.php?rest_route=\/wp\/v2\/users\/1"}],"replies":[{"embeddable":true,"href":"https:\/\/masquenoticiastucuman.com.ar\/index.php?rest_route=%2Fwp%2Fv2%2Fcomments&post=45159"}],"version-history":[{"count":0,"href":"https:\/\/masquenoticiastucuman.com.ar\/index.php?rest_route=\/wp\/v2\/posts\/45159\/revisions"}],"wp:attachment":[{"href":"https:\/\/masquenoticiastucuman.com.ar\/index.php?rest_route=%2Fwp%2Fv2%2Fmedia&parent=45159"}],"wp:term":[{"taxonomy":"category","embeddable":true,"href":"https:\/\/masquenoticiastucuman.com.ar\/index.php?rest_route=%2Fwp%2Fv2%2Fcategories&post=45159"},{"taxonomy":"post_tag","embeddable":true,"href":"https:\/\/masquenoticiastucuman.com.ar\/index.php?rest_route=%2Fwp%2Fv2%2Ftags&post=45159"}],"curies":[{"name":"wp","href":"https:\/\/api.w.org\/{rel}","templated":true}]}}