{"id":45169,"date":"2025-09-08T15:01:05","date_gmt":"2025-09-08T18:01:05","guid":{"rendered":"http:\/\/masquenoticiastucuman.com.ar\/?p=45169"},"modified":"2025-09-08T15:01:05","modified_gmt":"2025-09-08T18:01:05","slug":"carlos-alcaraz-el-dia-despues-de-volver-al-numero-uno-del-mundo-tengo-australia-en-la-mira-para-ganar-los-cuatro-grand-slams","status":"publish","type":"post","link":"https:\/\/masquenoticiastucuman.com.ar\/?p=45169","title":{"rendered":"Carlos Alcaraz, el d\u00eda despu\u00e9s de volver al n\u00famero uno del mundo: &#8220;Tengo Australia en la mira para ganar los cuatro Grand Slams&#8221;"},"content":{"rendered":"<ul>\n<li>El espa\u00f1ol de 22 a\u00f1os habl\u00f3 tras conquistar el Abierto de Estados Unidos.<\/li>\n<li>Sostiene que su rivalidad con Jannik Sinner hace mejores a ambos.<\/li>\n<li>Su afici\u00f3n por los tatuajes y el pr\u00f3ximo que se viene sobre su piel.<\/li>\n<\/ul>","protected":false},"excerpt":{"rendered":"<p>El espa\u00f1ol de 22 a\u00f1os habl\u00f3 tras conquistar el Abierto de Estados Unidos. Sostiene que&#8230;<\/p>\n","protected":false},"author":1,"featured_media":0,"comment_status":"open","ping_status":"open","sticky":false,"template":"","format":"standard","meta":{"footnotes":""},"categories":[6],"tags":[],"class_list":["post-45169","post","type-post","status-publish","format-standard","hentry","category-deportes"],"_links":{"self":[{"href":"https:\/\/masquenoticiastucuman.com.ar\/index.php?rest_route=\/wp\/v2\/posts\/45169","targetHints":{"allow":["GET"]}}],"collection":[{"href":"https:\/\/masquenoticiastucuman.com.ar\/index.php?rest_route=\/wp\/v2\/posts"}],"about":[{"href":"https:\/\/masquenoticiastucuman.com.ar\/index.php?rest_route=\/wp\/v2\/types\/post"}],"author":[{"embeddable":true,"href":"https:\/\/masquenoticiastucuman.com.ar\/index.php?rest_route=\/wp\/v2\/users\/1"}],"replies":[{"embeddable":true,"href":"https:\/\/masquenoticiastucuman.com.ar\/index.php?rest_route=%2Fwp%2Fv2%2Fcomments&post=45169"}],"version-history":[{"count":0,"href":"https:\/\/masquenoticiastucuman.com.ar\/index.php?rest_route=\/wp\/v2\/posts\/45169\/revisions"}],"wp:attachment":[{"href":"https:\/\/masquenoticiastucuman.com.ar\/index.php?rest_route=%2Fwp%2Fv2%2Fmedia&parent=45169"}],"wp:term":[{"taxonomy":"category","embeddable":true,"href":"https:\/\/masquenoticiastucuman.com.ar\/index.php?rest_route=%2Fwp%2Fv2%2Fcategories&post=45169"},{"taxonomy":"post_tag","embeddable":true,"href":"https:\/\/masquenoticiastucuman.com.ar\/index.php?rest_route=%2Fwp%2Fv2%2Ftags&post=45169"}],"curies":[{"name":"wp","href":"https:\/\/api.w.org\/{rel}","templated":true}]}}