{"id":45173,"date":"2025-09-08T16:01:03","date_gmt":"2025-09-08T19:01:03","guid":{"rendered":"http:\/\/masquenoticiastucuman.com.ar\/?p=45173"},"modified":"2025-09-08T16:01:03","modified_gmt":"2025-09-08T19:01:03","slug":"apple-presenta-el-iphone-17-en-su-evento-mas-importante-del-ano-horario-como-ver-en-vivo-y-todos-los-rumores","status":"publish","type":"post","link":"https:\/\/masquenoticiastucuman.com.ar\/?p=45173","title":{"rendered":"Apple presenta el iPhone 17 en su evento m\u00e1s importante del a\u00f1o: horario, c\u00f3mo ver en vivo y todos los rumores"},"content":{"rendered":"<ul>\n<li>El gigante tecnol\u00f3gico renueva su ic\u00f3nica l\u00ednea de smartphones. <\/li>\n<li>Se espera el lanzamiento de un modelo ultradelgado, cambios en los Pro y novedades en Apple Watch, AirPods y Vision Pro. <\/li>\n<li>La transmisi\u00f3n arranca a las 14 (hora argentina).<\/li>\n<\/ul>","protected":false},"excerpt":{"rendered":"<p>El gigante tecnol\u00f3gico renueva su ic\u00f3nica l\u00ednea de smartphones. Se espera el lanzamiento de un&#8230;<\/p>\n","protected":false},"author":1,"featured_media":0,"comment_status":"open","ping_status":"open","sticky":false,"template":"","format":"standard","meta":{"footnotes":""},"categories":[8],"tags":[],"class_list":["post-45173","post","type-post","status-publish","format-standard","hentry","category-tecnologia"],"_links":{"self":[{"href":"https:\/\/masquenoticiastucuman.com.ar\/index.php?rest_route=\/wp\/v2\/posts\/45173","targetHints":{"allow":["GET"]}}],"collection":[{"href":"https:\/\/masquenoticiastucuman.com.ar\/index.php?rest_route=\/wp\/v2\/posts"}],"about":[{"href":"https:\/\/masquenoticiastucuman.com.ar\/index.php?rest_route=\/wp\/v2\/types\/post"}],"author":[{"embeddable":true,"href":"https:\/\/masquenoticiastucuman.com.ar\/index.php?rest_route=\/wp\/v2\/users\/1"}],"replies":[{"embeddable":true,"href":"https:\/\/masquenoticiastucuman.com.ar\/index.php?rest_route=%2Fwp%2Fv2%2Fcomments&post=45173"}],"version-history":[{"count":0,"href":"https:\/\/masquenoticiastucuman.com.ar\/index.php?rest_route=\/wp\/v2\/posts\/45173\/revisions"}],"wp:attachment":[{"href":"https:\/\/masquenoticiastucuman.com.ar\/index.php?rest_route=%2Fwp%2Fv2%2Fmedia&parent=45173"}],"wp:term":[{"taxonomy":"category","embeddable":true,"href":"https:\/\/masquenoticiastucuman.com.ar\/index.php?rest_route=%2Fwp%2Fv2%2Fcategories&post=45173"},{"taxonomy":"post_tag","embeddable":true,"href":"https:\/\/masquenoticiastucuman.com.ar\/index.php?rest_route=%2Fwp%2Fv2%2Ftags&post=45173"}],"curies":[{"name":"wp","href":"https:\/\/api.w.org\/{rel}","templated":true}]}}