{"id":45177,"date":"2025-09-08T17:01:03","date_gmt":"2025-09-08T20:01:03","guid":{"rendered":"http:\/\/masquenoticiastucuman.com.ar\/?p=45177"},"modified":"2025-09-08T17:01:03","modified_gmt":"2025-09-08T20:01:03","slug":"competitividad-inusual-destacan-que-el-margen-neto-del-maiz-temprano-es-casi-tres-veces-mas-que-el-de-soja-en-la-principal-region-agricola","status":"publish","type":"post","link":"https:\/\/masquenoticiastucuman.com.ar\/?p=45177","title":{"rendered":"&#8220;Competitividad inusual&#8221;: destacan que el margen neto del ma\u00edz temprano es casi tres veces m\u00e1s que el de soja en la principal regi\u00f3n agr\u00edcola"},"content":{"rendered":"<ul>\n<li>Con perfiles de suelo excepcionalmente recargados, un escenario clim\u00e1tico neutro como el m\u00e1s probable y un contexto econ\u00f3mico que le da un protagonismo favorable al cultivo, desde Maizar aseguran que la campa\u00f1a 2025\/26 se presenta con condiciones poco habituales que invitan a analizar alternativas de manejo.<\/li>\n<\/ul>","protected":false},"excerpt":{"rendered":"<p>Con perfiles de suelo excepcionalmente recargados, un escenario clim\u00e1tico neutro como el m\u00e1s probable y&#8230;<\/p>\n","protected":false},"author":1,"featured_media":0,"comment_status":"open","ping_status":"open","sticky":false,"template":"","format":"standard","meta":{"footnotes":""},"categories":[],"tags":[],"class_list":["post-45177","post","type-post","status-publish","format-standard","hentry"],"_links":{"self":[{"href":"https:\/\/masquenoticiastucuman.com.ar\/index.php?rest_route=\/wp\/v2\/posts\/45177","targetHints":{"allow":["GET"]}}],"collection":[{"href":"https:\/\/masquenoticiastucuman.com.ar\/index.php?rest_route=\/wp\/v2\/posts"}],"about":[{"href":"https:\/\/masquenoticiastucuman.com.ar\/index.php?rest_route=\/wp\/v2\/types\/post"}],"author":[{"embeddable":true,"href":"https:\/\/masquenoticiastucuman.com.ar\/index.php?rest_route=\/wp\/v2\/users\/1"}],"replies":[{"embeddable":true,"href":"https:\/\/masquenoticiastucuman.com.ar\/index.php?rest_route=%2Fwp%2Fv2%2Fcomments&post=45177"}],"version-history":[{"count":0,"href":"https:\/\/masquenoticiastucuman.com.ar\/index.php?rest_route=\/wp\/v2\/posts\/45177\/revisions"}],"wp:attachment":[{"href":"https:\/\/masquenoticiastucuman.com.ar\/index.php?rest_route=%2Fwp%2Fv2%2Fmedia&parent=45177"}],"wp:term":[{"taxonomy":"category","embeddable":true,"href":"https:\/\/masquenoticiastucuman.com.ar\/index.php?rest_route=%2Fwp%2Fv2%2Fcategories&post=45177"},{"taxonomy":"post_tag","embeddable":true,"href":"https:\/\/masquenoticiastucuman.com.ar\/index.php?rest_route=%2Fwp%2Fv2%2Ftags&post=45177"}],"curies":[{"name":"wp","href":"https:\/\/api.w.org\/{rel}","templated":true}]}}