{"id":45185,"date":"2025-09-08T18:01:03","date_gmt":"2025-09-08T21:01:03","guid":{"rendered":"http:\/\/masquenoticiastucuman.com.ar\/?p=45185"},"modified":"2025-09-08T18:01:03","modified_gmt":"2025-09-08T21:01:03","slug":"el-plantel-de-independiente-rompio-el-silencio-tras-el-fallo-de-conmebol-fuerte-mensaje-en-un-video-y-pedido-de-apoyo-a-los-clubes-argentinos","status":"publish","type":"post","link":"https:\/\/masquenoticiastucuman.com.ar\/?p=45185","title":{"rendered":"El plantel de Independiente rompi\u00f3 el silencio tras el fallo de Conmebol: fuerte mensaje en un video y pedido de apoyo a los clubes argentinos"},"content":{"rendered":"<ul>\n<li>Cuatro d\u00edas despu\u00e9s de la sanci\u00f3n de Conmebol, que decidi\u00f3 eliminarlo de la Copa Sudamericana, los futbolistas hablaron por primera vez.<\/li>\n<li>Universidad de Chile pas\u00f3 a cuartos de final, pese a que la violencia comenz\u00f3 del lado de los hinchas trasandinos en la fat\u00eddica noche del 20 de agosto en Avellaneda.<\/li>\n<\/ul>","protected":false},"excerpt":{"rendered":"<p>Cuatro d\u00edas despu\u00e9s de la sanci\u00f3n de Conmebol, que decidi\u00f3 eliminarlo de la Copa Sudamericana,&#8230;<\/p>\n","protected":false},"author":1,"featured_media":0,"comment_status":"open","ping_status":"open","sticky":false,"template":"","format":"standard","meta":{"footnotes":""},"categories":[6],"tags":[],"class_list":["post-45185","post","type-post","status-publish","format-standard","hentry","category-deportes"],"_links":{"self":[{"href":"https:\/\/masquenoticiastucuman.com.ar\/index.php?rest_route=\/wp\/v2\/posts\/45185","targetHints":{"allow":["GET"]}}],"collection":[{"href":"https:\/\/masquenoticiastucuman.com.ar\/index.php?rest_route=\/wp\/v2\/posts"}],"about":[{"href":"https:\/\/masquenoticiastucuman.com.ar\/index.php?rest_route=\/wp\/v2\/types\/post"}],"author":[{"embeddable":true,"href":"https:\/\/masquenoticiastucuman.com.ar\/index.php?rest_route=\/wp\/v2\/users\/1"}],"replies":[{"embeddable":true,"href":"https:\/\/masquenoticiastucuman.com.ar\/index.php?rest_route=%2Fwp%2Fv2%2Fcomments&post=45185"}],"version-history":[{"count":0,"href":"https:\/\/masquenoticiastucuman.com.ar\/index.php?rest_route=\/wp\/v2\/posts\/45185\/revisions"}],"wp:attachment":[{"href":"https:\/\/masquenoticiastucuman.com.ar\/index.php?rest_route=%2Fwp%2Fv2%2Fmedia&parent=45185"}],"wp:term":[{"taxonomy":"category","embeddable":true,"href":"https:\/\/masquenoticiastucuman.com.ar\/index.php?rest_route=%2Fwp%2Fv2%2Fcategories&post=45185"},{"taxonomy":"post_tag","embeddable":true,"href":"https:\/\/masquenoticiastucuman.com.ar\/index.php?rest_route=%2Fwp%2Fv2%2Ftags&post=45185"}],"curies":[{"name":"wp","href":"https:\/\/api.w.org\/{rel}","templated":true}]}}