{"id":45193,"date":"2025-09-08T19:01:05","date_gmt":"2025-09-08T22:01:05","guid":{"rendered":"http:\/\/masquenoticiastucuman.com.ar\/?p=45193"},"modified":"2025-09-08T19:01:05","modified_gmt":"2025-09-08T22:01:05","slug":"los-pibes-del-tita-hacen-historia-racing-le-gano-al-real-madrid-y-se-clasifico-a-la-final-del-mundial-de-clubes-sub-18","status":"publish","type":"post","link":"https:\/\/masquenoticiastucuman.com.ar\/?p=45193","title":{"rendered":"Los pibes del Tita hacen historia: Racing le gan\u00f3 al Real Madrid y se clasific\u00f3 a la final del Mundial de Clubes Sub 18"},"content":{"rendered":"<ul>\n<li>El equipo juvenil que dirige Mat\u00edas Mart\u00ednez -Chaco, ex zaguero central- es venci\u00f3 2 a 1 al Real Madrid y se meti\u00f3 en la final del Mundialito que se juega en Espa\u00f1a.<\/li>\n<li>Los pibes surgidos en el predio Tita se medir\u00e1n con el ganador de Palmeiras y Barcelona.<\/li>\n<\/ul>","protected":false},"excerpt":{"rendered":"<p>El equipo juvenil que dirige Mat\u00edas Mart\u00ednez -Chaco, ex zaguero central- es venci\u00f3 2 a&#8230;<\/p>\n","protected":false},"author":1,"featured_media":0,"comment_status":"open","ping_status":"open","sticky":false,"template":"","format":"standard","meta":{"footnotes":""},"categories":[6],"tags":[],"class_list":["post-45193","post","type-post","status-publish","format-standard","hentry","category-deportes"],"_links":{"self":[{"href":"https:\/\/masquenoticiastucuman.com.ar\/index.php?rest_route=\/wp\/v2\/posts\/45193","targetHints":{"allow":["GET"]}}],"collection":[{"href":"https:\/\/masquenoticiastucuman.com.ar\/index.php?rest_route=\/wp\/v2\/posts"}],"about":[{"href":"https:\/\/masquenoticiastucuman.com.ar\/index.php?rest_route=\/wp\/v2\/types\/post"}],"author":[{"embeddable":true,"href":"https:\/\/masquenoticiastucuman.com.ar\/index.php?rest_route=\/wp\/v2\/users\/1"}],"replies":[{"embeddable":true,"href":"https:\/\/masquenoticiastucuman.com.ar\/index.php?rest_route=%2Fwp%2Fv2%2Fcomments&post=45193"}],"version-history":[{"count":0,"href":"https:\/\/masquenoticiastucuman.com.ar\/index.php?rest_route=\/wp\/v2\/posts\/45193\/revisions"}],"wp:attachment":[{"href":"https:\/\/masquenoticiastucuman.com.ar\/index.php?rest_route=%2Fwp%2Fv2%2Fmedia&parent=45193"}],"wp:term":[{"taxonomy":"category","embeddable":true,"href":"https:\/\/masquenoticiastucuman.com.ar\/index.php?rest_route=%2Fwp%2Fv2%2Fcategories&post=45193"},{"taxonomy":"post_tag","embeddable":true,"href":"https:\/\/masquenoticiastucuman.com.ar\/index.php?rest_route=%2Fwp%2Fv2%2Ftags&post=45193"}],"curies":[{"name":"wp","href":"https:\/\/api.w.org\/{rel}","templated":true}]}}