{"id":45217,"date":"2025-09-09T06:01:03","date_gmt":"2025-09-09T09:01:03","guid":{"rendered":"http:\/\/masquenoticiastucuman.com.ar\/?p=45217"},"modified":"2025-09-09T06:01:03","modified_gmt":"2025-09-09T09:01:03","slug":"una-vuelta-por-tanger-la-capital-del-norte-de-marruecos-y-su-estadio-icono-400-millones-de-euros-para-reinventar-el-ibn-batouta-de-cara-al-mundial-2030","status":"publish","type":"post","link":"https:\/\/masquenoticiastucuman.com.ar\/?p=45217","title":{"rendered":"Una vuelta por T\u00e1nger, &#8220;la capital del Norte de Marruecos&#8221;, y su estadio \u00edcono: 400 millones de euros para reinventar el Ibn Batouta de cara al Mundial 2030"},"content":{"rendered":"<ul>\n<li>T\u00e1nger es el segundo centro econ\u00f3mico m\u00e1s importante de Marruecos, despu\u00e9s de Casablanca<\/li>\n<li>All\u00ed se levanta el puerto m\u00e1s importante del Mediterr\u00e1neo por donde pasaron unas 187 millones de toneladas de mercanc\u00edas.<\/li>\n<li>El Estadio Ibn Batouta, el de mayor capacidad del pa\u00eds, saltar\u00e1 a m\u00e1s de 75.000 butacas pensando en la Copa Africana de Naciones de este a\u00f1o y el Mundial 2030. <\/li>\n<\/ul>","protected":false},"excerpt":{"rendered":"<p>T\u00e1nger es el segundo centro econ\u00f3mico m\u00e1s importante de Marruecos, despu\u00e9s de Casablanca All\u00ed se&#8230;<\/p>\n","protected":false},"author":1,"featured_media":0,"comment_status":"open","ping_status":"open","sticky":false,"template":"","format":"standard","meta":{"footnotes":""},"categories":[6],"tags":[],"class_list":["post-45217","post","type-post","status-publish","format-standard","hentry","category-deportes"],"_links":{"self":[{"href":"https:\/\/masquenoticiastucuman.com.ar\/index.php?rest_route=\/wp\/v2\/posts\/45217","targetHints":{"allow":["GET"]}}],"collection":[{"href":"https:\/\/masquenoticiastucuman.com.ar\/index.php?rest_route=\/wp\/v2\/posts"}],"about":[{"href":"https:\/\/masquenoticiastucuman.com.ar\/index.php?rest_route=\/wp\/v2\/types\/post"}],"author":[{"embeddable":true,"href":"https:\/\/masquenoticiastucuman.com.ar\/index.php?rest_route=\/wp\/v2\/users\/1"}],"replies":[{"embeddable":true,"href":"https:\/\/masquenoticiastucuman.com.ar\/index.php?rest_route=%2Fwp%2Fv2%2Fcomments&post=45217"}],"version-history":[{"count":0,"href":"https:\/\/masquenoticiastucuman.com.ar\/index.php?rest_route=\/wp\/v2\/posts\/45217\/revisions"}],"wp:attachment":[{"href":"https:\/\/masquenoticiastucuman.com.ar\/index.php?rest_route=%2Fwp%2Fv2%2Fmedia&parent=45217"}],"wp:term":[{"taxonomy":"category","embeddable":true,"href":"https:\/\/masquenoticiastucuman.com.ar\/index.php?rest_route=%2Fwp%2Fv2%2Fcategories&post=45217"},{"taxonomy":"post_tag","embeddable":true,"href":"https:\/\/masquenoticiastucuman.com.ar\/index.php?rest_route=%2Fwp%2Fv2%2Ftags&post=45217"}],"curies":[{"name":"wp","href":"https:\/\/api.w.org\/{rel}","templated":true}]}}