{"id":45227,"date":"2025-09-09T07:13:08","date_gmt":"2025-09-09T10:13:08","guid":{"rendered":"https:\/\/masquenoticiastucuman.com.ar\/?p=45227"},"modified":"2025-09-09T07:13:09","modified_gmt":"2025-09-09T10:13:09","slug":"este-gobierno-garantiza-la-continuidad-de-la-obra-publica-porque-dinamiza-la-economia","status":"publish","type":"post","link":"https:\/\/masquenoticiastucuman.com.ar\/?p=45227","title":{"rendered":"&#8220;Este gobierno garantiza la continuidad de la obra p\u00fablica porque dinamiza la econom\u00eda&#8221;"},"content":{"rendered":"\n<p>El gobernador traz\u00f3 un panorama econ\u00f3mico luego de la derrota del oficialismo nacional en las elecciones provinciales de Buenos Aires. \u201cPara nada cambia hoy el rumbo de Tucum\u00e1n, al contrario, se consolida para seguir buscando el bien com\u00fan de cada uno de los tucumanos\u201d, asegur\u00f3. An\u00e1lisis de Abad.<\/p>\n\n\n\n<p id=\"isPasted\">El gobernador\u00a0<strong>Osvaldo Jaldo<\/strong>\u00a0realiz\u00f3 ayer  un an\u00e1lisis sobre la apertura de los mercados y el rumbo econ\u00f3mico de Tucum\u00e1n, tras las elecciones provinciales en Buenos Aires, donde Fueza Patria le gan\u00f3 a La Libertad Avanza y dej\u00f3 en claro: &#8220;La provincia alcanz\u00f3 super\u00e1vit fiscal, mantiene equilibrio en sus cuentas y garantiza la continuidad de los servicios, el empleo y las obras p\u00fablicas\u201d.\u00a0<\/p>\n\n\n\n<p>Secundado por gran parte de su gabinete,&nbsp;el titular del Poder Ejecutivo indic\u00f3: \u201cHoy tenemos paz social en Tucum\u00e1n. Llegamos para equilibrar nuestro presupuesto en lo econ\u00f3mico, financiero y presupuestario, y lo cumplimos al cien por ciento\u201d, afirm\u00f3 el mandatario provincial en una conferencia de prensa. En su discurso, insisti\u00f3 en que los tucumanos deb\u00edan permanecer \u201cmuy atentos con lo que pase en la Naci\u00f3n, pero tranquilos en la provincia\u201d, porque \u2014seg\u00fan dijo\u2014 el Estado local continuar\u00eda prestando los servicios esenciales y acompa\u00f1ando a los sectores productivos afectados por decisiones nacionales.<\/p>\n\n\n\n<blockquote class=\"wp-block-quote is-layout-flow wp-block-quote-is-layout-flow\">\n<p>\u201cPara nada cambia hoy el rumbo de Tucum\u00e1n, al contrario, se consolida para seguir buscando el bien com\u00fan de cada uno de los tucumanos\u201d. (Osvaldo Jaldo)<\/p>\n<\/blockquote>\n\n\n\n<p>El gobernador plante\u00f3 la necesidad de \u201cestar m\u00e1s unidos que nunca\u201d y garantiz\u00f3 que el Ejecutivo provincial sostendr\u00eda la ejecuci\u00f3n de las obras ya iniciadas, as\u00ed como las que se encontraban en proceso de licitaci\u00f3n. \u201cPara nada cambia el rumbo de la provincia. Al contrario, se consolida para seguir buscando el bien com\u00fan de cada uno de los tucumanos\u201d, sostuvo.<\/p>\n\n\n\n<h3 class=\"wp-block-heading\">Obras garantizadas<\/h3>\n\n\n\n<p>\u201cEl gobierno de la provincia garantiza la continuidad de todas las obras con recursos propios\u201d, afirm\u00f3 durante una conferencia de prensa en Casa de Gobierno. Enumer\u00f3 proyectos que van desde escuelas y rutas hasta el desarrollo habitacional del Procrear Tucum\u00e1n, financiados con fondos provinciales, as\u00ed como iniciativas vinculadas al sistema penitenciario. Seg\u00fan el mandatario, ninguna de esas obras corre riesgo de paralizaci\u00f3n.<\/p>\n\n\n\n<p>El gobernador tambi\u00e9n se refiri\u00f3 a los proyectos que cuentan con financiamiento internacional y asegur\u00f3 que en esos casos \u201clos fondos est\u00e1n asegurados\u201d. Con ese escenario, sostuvo que Tucum\u00e1n continuar\u00e1 con un nivel sostenido de inversi\u00f3n en infraestructura. \u201cEn Tucum\u00e1n no se va a paralizar ninguna obra\u201d, insisti\u00f3.<\/p>\n\n\n\n<h3 class=\"wp-block-heading\">Obras y empleo<\/h3>\n\n\n\n<p>Jaldo vincul\u00f3 directamente la continuidad de la obra p\u00fablica con la generaci\u00f3n de empleo. \u201cLas obras son sin\u00f3nimo de dinamizar la econom\u00eda, pero fundamentalmente de la creaci\u00f3n de puestos de trabajo\u201d, remarc\u00f3.<\/p>\n\n\n\n<p>Para graficar el impacto, record\u00f3 que cuando asumi\u00f3 la conducci\u00f3n de la provincia, el 29 de octubre de 2023, la Uni\u00f3n de Obreros de la Construcci\u00f3n de la Rep\u00fablica Argentina (UOCRA) registraba unos 4.000 afiliados en Tucum\u00e1n. \u201cHoy, con las obras que pusimos en marcha en apenas un a\u00f1o y nueve meses, los empleados de la construcci\u00f3n ya llegan a 10.000\u201d, destac\u00f3.<\/p>\n\n\n\n<p>El mandatario adelant\u00f3 que la cifra podr\u00eda seguir creciendo con la evoluci\u00f3n de proyectos clave. \u201cEl Procrear Tucum\u00e1n (complejo habitacional que retom\u00f3 las obras) todav\u00eda va de menor a mayor en su avance f\u00edsico; la obra el\u00e9ctrica de la doble terna Bracho\u2013Villa Quinteros, que lanzamos la semana pasada, reci\u00e9n arranc\u00f3 y tomar\u00e1 mucho m\u00e1s personal. Y ni qu\u00e9 hablar cuando pongamos en funcionamiento el nuevo acueducto de Vipos, que ya se encuentra adjudicado\u201d, puntualiz\u00f3.<\/p>\n\n\n\n<h3 class=\"wp-block-heading\">Federalismo en cuesti\u00f3n<\/h3>\n\n\n\n<p>Aunque se mostr\u00f3 optimista sobre el panorama provincial, Jaldo se refiri\u00f3 al v\u00ednculo con el gobierno nacional de Javier Milei. \u201cSiempre hay que mirar a Capital Federal, siempre hay que mirar a Buenos Aires\u201d, dijo. Y agreg\u00f3: \u201cNosotros hemos apostado y lo seguimos haciendo a que al gobierno nacional le vaya bien, porque si le va bien a la Naci\u00f3n, le va bien a los argentinos y, por supuesto, tambi\u00e9n a los tucumanos\u201d.<\/p>\n\n\n\n<blockquote class=\"wp-block-quote is-layout-flow wp-block-quote-is-layout-flow\">\n<p>En ese sentido, marc\u00f3 una diferencia pol\u00edtica. \u201cNo estamos en la fila de los que quieren tirar el mantel. Estamos en la fila de los que queremos ayudar a la Argentina, que nuestra patria salga adelante de una vez por todas, que los argentinos recuperen el nivel de calidad de vida\u201d, expres\u00f3. Sin embargo, tambi\u00e9n cuestion\u00f3 la falta de federalismo. \u201cMuchas veces se lo proclama, pero no se lo practica. Los recursos que corresponden por ley a las provincias no est\u00e1n llegando como deber\u00edan\u201d, se\u00f1al\u00f3.<\/p>\n<\/blockquote>\n\n\n\n<h3 class=\"wp-block-heading\">\u201cM\u00e1s juntos que nunca\u201d<\/h3>\n\n\n\n<p>El gobernador Jaldo no dej\u00f3 pasar la oportunidad para llamar a la unidad. \u201cLa \u00fanica verdad es la realidad, y la realidad es lo que pas\u00f3 en las elecciones y lo que est\u00e1 pasando en la macroeconom\u00eda hoy. Hay que esperar\u201d, plante\u00f3.<\/p>\n\n\n\n<p>Y dej\u00f3 un mensaje dirigido directamente a los tucumanos: \u201cTenemos que estar juntos, tenemos que estar unidos. Todos somos tucumanos y tenemos nuestros hijos, nuestros nietos, nuestros padres y abuelos en esta querida provincia. Tenemos que estar m\u00e1s juntos que nunca\u201d.<\/p>\n\n\n\n<h3 class=\"wp-block-heading\">El an\u00e1lisis de Abad<\/h3>\n\n\n\n<p>Luego, el ministro Daniel Abad tom\u00f3 la palabra y ofreci\u00f3 un panorama detallado de la coyuntura econ\u00f3mica. Advirti\u00f3 que el riesgo pa\u00eds hab\u00eda trepado por encima de los 2.100 puntos y que el d\u00f3lar superaba los 1.460 pesos, cifras que describi\u00f3 como \u201cprevisibles\u201d tras el resultado electoral adverso para el gobierno nacional. Lo que sorprendi\u00f3, explic\u00f3, fue \u201cla magnitud de esta adversidad\u201d.<\/p>\n\n\n\n<p>En contraste, subray\u00f3 que Tucum\u00e1n mostraba una situaci\u00f3n fiscal s\u00f3lida. \u201cEst\u00e1n garantizados absolutamente todos los servicios y las m\u00e1s de cuarenta obras que tenemos en ejecuci\u00f3n: rutas, caminos, alcald\u00edas, la c\u00e1rcel pr\u00f3xima a inaugurarse. Basta recorrer la provincia para ver el movimiento\u201d, se\u00f1al\u00f3.<\/p>\n\n\n\n<h3 class=\"wp-block-heading\">Remarcaciones<\/h3>\n\n\n\n<p>El ministro lanz\u00f3 un mensaje directo a los empresarios locales. \u201cPor favor, que esta reacci\u00f3n inicial de los mercados no se traduzca en remarcaciones o aumentos de precios por las dudas. Estamos en estancamiento econ\u00f3mico. Si encima aumentamos los precios, vamos a vender menos, ganar menos y poner en riesgo la actividad productiva y comercial\u201d, advirti\u00f3.<\/p>\n\n\n\n<p>Abad record\u00f3 que Tucum\u00e1n no contaba con actividades extractivas que generaran divisas extraordinarias, por lo que depend\u00eda principalmente del consumo interno. \u201cLa gente no vive de ajuste. Vive de servicios, de sueldos al d\u00eda, de obra p\u00fablica y de crecimiento. Lamentablemente, en la Naci\u00f3n se aplic\u00f3 un ajuste tras otro y los resultados est\u00e1n a la vista. En Tucum\u00e1n, en cambio, elegimos reorganizar el Estado, hacer los ajustes necesarios de manera r\u00e1pida y luego poner en movimiento la provincia\u201d, explic\u00f3.&nbsp;<\/p>\n\n\n\n<h3 class=\"wp-block-heading\">Prudencia frente a la incertidumbre<\/h3>\n\n\n\n<p>El ministro pidi\u00f3 \u201ccalma y prudencia\u201d hasta que las variables macroecon\u00f3micas encuentren un punto de estabilidad. Reconoci\u00f3 que la econom\u00eda argentina ya se encontraba en una situaci\u00f3n compleja, pero se\u00f1al\u00f3 que las reacciones intempestivas, como los aumentos preventivos de precios, solo pod\u00edan \u201cagravar el problema\u201d.<\/p>\n\n\n\n<p>\u201cNo tenemos un Banco Central con reservas ni plata circulando en la calle. Por eso vuelan las tasas de inter\u00e9s. Si encima caen las ventas y las empresas se endeudan, despu\u00e9s no podr\u00e1n pagar. Esto ya lo vimos en otras \u00e9pocas. Lo que necesitamos ahora es serenidad y compromiso para sostener la actividad\u201d, remarc\u00f3.<\/p>\n\n\n\n<p>Tanto el gobernador como Abad coincidieron en que Tucum\u00e1n deb\u00eda diferenciarse de la din\u00e1mica nacional y fortalecer su propio rumbo. \u201cNos sentimos contentos porque no nos equivocamos en el objetivo ni en la forma de implementar las medidas. Tucum\u00e1n seguir\u00e1 consolidando su equilibrio y buscando el bien com\u00fan\u201d, concluy\u00f3 el ministro.<\/p>\n","protected":false},"excerpt":{"rendered":"<p>El gobernador traz\u00f3 un panorama econ\u00f3mico luego de la derrota del oficialismo nacional en las&#8230;<\/p>\n","protected":false},"author":2,"featured_media":0,"comment_status":"open","ping_status":"open","sticky":false,"template":"","format":"standard","meta":{"footnotes":""},"categories":[2],"tags":[],"class_list":["post-45227","post","type-post","status-publish","format-standard","hentry","category-locales"],"_links":{"self":[{"href":"https:\/\/masquenoticiastucuman.com.ar\/index.php?rest_route=\/wp\/v2\/posts\/45227","targetHints":{"allow":["GET"]}}],"collection":[{"href":"https:\/\/masquenoticiastucuman.com.ar\/index.php?rest_route=\/wp\/v2\/posts"}],"about":[{"href":"https:\/\/masquenoticiastucuman.com.ar\/index.php?rest_route=\/wp\/v2\/types\/post"}],"author":[{"embeddable":true,"href":"https:\/\/masquenoticiastucuman.com.ar\/index.php?rest_route=\/wp\/v2\/users\/2"}],"replies":[{"embeddable":true,"href":"https:\/\/masquenoticiastucuman.com.ar\/index.php?rest_route=%2Fwp%2Fv2%2Fcomments&post=45227"}],"version-history":[{"count":1,"href":"https:\/\/masquenoticiastucuman.com.ar\/index.php?rest_route=\/wp\/v2\/posts\/45227\/revisions"}],"predecessor-version":[{"id":45229,"href":"https:\/\/masquenoticiastucuman.com.ar\/index.php?rest_route=\/wp\/v2\/posts\/45227\/revisions\/45229"}],"wp:attachment":[{"href":"https:\/\/masquenoticiastucuman.com.ar\/index.php?rest_route=%2Fwp%2Fv2%2Fmedia&parent=45227"}],"wp:term":[{"taxonomy":"category","embeddable":true,"href":"https:\/\/masquenoticiastucuman.com.ar\/index.php?rest_route=%2Fwp%2Fv2%2Fcategories&post=45227"},{"taxonomy":"post_tag","embeddable":true,"href":"https:\/\/masquenoticiastucuman.com.ar\/index.php?rest_route=%2Fwp%2Fv2%2Ftags&post=45227"}],"curies":[{"name":"wp","href":"https:\/\/api.w.org\/{rel}","templated":true}]}}