{"id":45236,"date":"2025-09-09T10:09:27","date_gmt":"2025-09-09T13:09:27","guid":{"rendered":"https:\/\/masquenoticiastucuman.com.ar\/?p=45236"},"modified":"2025-09-09T10:09:57","modified_gmt":"2025-09-09T13:09:57","slug":"jaldo-tucuman-avanza-pero-la-nacion-debe-cumplir-con-lo-que-corresponde","status":"publish","type":"post","link":"https:\/\/masquenoticiastucuman.com.ar\/?p=45236","title":{"rendered":"Jaldo: \u201cTucum\u00e1n avanza, pero la Naci\u00f3n debe cumplir con lo que corresponde\u201d"},"content":{"rendered":"\n<p>El Primer Mandatario analiz\u00f3 las repercusiones de las elecciones nacionales y su impacto en la provincia, adem\u00e1s detall\u00f3 las acciones de gesti\u00f3n frente a la crisis econ\u00f3mica.<\/p>\n\n\n\n<p id=\"isPasted\">El gobernador,&nbsp;<strong>Osvaldo Jaldo,<\/strong>&nbsp;dialog\u00f3 en exclusiva con el programa &#8220;El Matutino&#8221; de el Ocho, destacando recientemente la importancia del sistema democr\u00e1tico en Argentina, enfatizando el impacto de los resultados electorales a nivel nacional. A su juicio, el resultado electoral en las provincias, particularmente en Buenos Aires, mostr\u00f3 una diferencia significativa, con Fuerza Patria, la oposici\u00f3n al gobierno nacional, obteniendo una victoria clara por 13,5 puntos. Este resultado, se\u00f1al\u00f3 el gobernador, tiene implicancias no solo en el \u00e1mbito electoral, sino tambi\u00e9n en el terreno institucional y econ\u00f3mico.<\/p>\n\n\n\n<p>Jaldo subray\u00f3 que las repercusiones de estas elecciones fueron inmediatas, con consecuencias palpables en los mercados internacionales. El valor del d\u00f3lar alcanz\u00f3 niveles alarmantes, superando los 1.400 pesos, mientras que el riesgo pa\u00eds se dispar\u00f3 por encima de los 1.000 puntos. Adem\u00e1s, las bolsas de valores argentinas experimentaron una ca\u00edda significativa, lo que afect\u00f3 la estabilidad financiera de las empresas argentinas a nivel global. Para el gobernador, estos hechos reflejan la fragilidad del gobierno nacional, que, a pesar de argumentar que se estaban trabajando las variables macroecon\u00f3micas, no logr\u00f3 una respuesta adecuada frente al escenario electoral.<\/p>\n\n\n\n<p>En este contexto, el gobernador expres\u00f3 su preocupaci\u00f3n por la situaci\u00f3n econ\u00f3mica y su impacto directo en las actividades productivas y en la vida cotidiana de los argentinos. \u201cHoy las tasas de inter\u00e9s para controlar el d\u00f3lar est\u00e1n al 80 y 90 por ciento. \u00bfQu\u00e9 empresa o persona va a sacar un cr\u00e9dito en esas condiciones?\u201d, cuestion\u00f3 Jaldo, refiri\u00e9ndose a las dificultades que enfrentan los ciudadanos y las empresas argentinas debido a las elevadas tasas de inter\u00e9s.<\/p>\n\n\n\n<p>A pesar de los desaf\u00edos nacionales, Jaldo asegur\u00f3 que Tucum\u00e1n se mantiene en una situaci\u00f3n fiscal ordenada. El mandatario confirm\u00f3 que la provincia cuenta con super\u00e1vit fiscal y que los servicios esenciales ser\u00e1n garantizados, sin alterar el pago de salarios ni la provisi\u00f3n de servicios p\u00fablicos. Al mismo tiempo, dej\u00f3 en claro que Tucum\u00e1n est\u00e1 dispuesto a colaborar con el gobierno nacional, pero con propuestas claras y soluciones concretas que se alineen con las necesidades de la provincia.<\/p>\n\n\n\n<p>El gobernador tambi\u00e9n se refiri\u00f3 a la reciente convocatoria del presidente de la Naci\u00f3n a distintos actores pol\u00edticos y gremiales, y destac\u00f3 que a\u00fan no ha recibido contacto alguno del gobierno nacional. En este sentido, se\u00f1al\u00f3 que no asistir\u00eda a reuniones que no ofrezcan propuestas espec\u00edficas, especialmente en lo que respecta a la distribuci\u00f3n de recursos como los ATN y el impuesto a los combustibles, que considera son fondos que pertenecen a las provincias.<\/p>\n\n\n\n<p><em>En relaci\u00f3n con la gesti\u00f3n de obras, Jaldo destac\u00f3 que su gobierno ha logrado avanzar en importantes proyectos que estaban paralizados desde la gesti\u00f3n anterior, tales como la construcci\u00f3n de la c\u00e1rcel de Benjam\u00edn Paz, el acueducto de Vipos y la obra de energ\u00eda el\u00e9ctrica en El Bracho. Adem\u00e1s, resalt\u00f3 el impulso a la construcci\u00f3n del aeropuerto de Tucum\u00e1n, un proyecto que busca potenciar el turismo y la conectividad internacional, con vuelos directos a Panam\u00e1 y Lima.<\/em><\/p>\n\n\n\n<p>El gobernador tambi\u00e9n abord\u00f3 el tema de la reforma pol\u00edtica y electoral en la provincia. Explic\u00f3 que, aunque el proceso de modificaci\u00f3n del sistema electoral se encuentra en marcha, la prioridad en los primeros a\u00f1os de su gesti\u00f3n fue abordar los problemas inmediatos de la provincia, como la salud, la seguridad y la infraestructura. No obstante, reiter\u00f3 que en el a\u00f1o que viene se impulsar\u00e1n las reformas pol\u00edticas necesarias, como el acceso a la informaci\u00f3n p\u00fablica y la implementaci\u00f3n de la boleta \u00fanica.<\/p>\n\n\n\n<p>Sobre las perspectivas electorales, Jaldo advirti\u00f3 que el resultado de las pr\u00f3ximas elecciones podr\u00eda profundizar la crisis pol\u00edtica y econ\u00f3mica si el gobierno nacional no cambia su rumbo. &#8220;Si el gobierno no empieza a pensar en la gente y en dar a las provincias lo que les corresponde por ley, la situaci\u00f3n podr\u00eda empeorar&#8221;, se\u00f1al\u00f3 el gobernador, quien afirm\u00f3 que el voto popular del 26 de octubre ser\u00e1 clave para definir el futuro del pa\u00eds.<\/p>\n\n\n\n<p>En cuanto a su participaci\u00f3n en las elecciones, Jaldo reiter\u00f3 su compromiso con los intereses de los tucumanos y su disposici\u00f3n a colaborar con el gobierno nacional, siempre que se reconozcan los derechos de la provincia y se respeten los acuerdos establecidos.<\/p>\n\n\n\n<p>Con estos antecedentes, Jaldo cerr\u00f3 su intervenci\u00f3n, asegurando que la gesti\u00f3n provincial ha logrado resultados concretos en los primeros dos a\u00f1os de su mandato. A pesar de los desaf\u00edos a nivel nacional, sostuvo que Tucum\u00e1n ha avanzado en obras clave, ha mantenido la estabilidad fiscal y ha logrado mejorar la calidad de vida de los tucumanos.<\/p>\n","protected":false},"excerpt":{"rendered":"<p>El Primer Mandatario analiz\u00f3 las repercusiones de las elecciones nacionales y su impacto en la&#8230;<\/p>\n","protected":false},"author":2,"featured_media":0,"comment_status":"open","ping_status":"open","sticky":false,"template":"","format":"standard","meta":{"footnotes":""},"categories":[2],"tags":[],"class_list":["post-45236","post","type-post","status-publish","format-standard","hentry","category-locales"],"_links":{"self":[{"href":"https:\/\/masquenoticiastucuman.com.ar\/index.php?rest_route=\/wp\/v2\/posts\/45236","targetHints":{"allow":["GET"]}}],"collection":[{"href":"https:\/\/masquenoticiastucuman.com.ar\/index.php?rest_route=\/wp\/v2\/posts"}],"about":[{"href":"https:\/\/masquenoticiastucuman.com.ar\/index.php?rest_route=\/wp\/v2\/types\/post"}],"author":[{"embeddable":true,"href":"https:\/\/masquenoticiastucuman.com.ar\/index.php?rest_route=\/wp\/v2\/users\/2"}],"replies":[{"embeddable":true,"href":"https:\/\/masquenoticiastucuman.com.ar\/index.php?rest_route=%2Fwp%2Fv2%2Fcomments&post=45236"}],"version-history":[{"count":1,"href":"https:\/\/masquenoticiastucuman.com.ar\/index.php?rest_route=\/wp\/v2\/posts\/45236\/revisions"}],"predecessor-version":[{"id":45245,"href":"https:\/\/masquenoticiastucuman.com.ar\/index.php?rest_route=\/wp\/v2\/posts\/45236\/revisions\/45245"}],"wp:attachment":[{"href":"https:\/\/masquenoticiastucuman.com.ar\/index.php?rest_route=%2Fwp%2Fv2%2Fmedia&parent=45236"}],"wp:term":[{"taxonomy":"category","embeddable":true,"href":"https:\/\/masquenoticiastucuman.com.ar\/index.php?rest_route=%2Fwp%2Fv2%2Fcategories&post=45236"},{"taxonomy":"post_tag","embeddable":true,"href":"https:\/\/masquenoticiastucuman.com.ar\/index.php?rest_route=%2Fwp%2Fv2%2Ftags&post=45236"}],"curies":[{"name":"wp","href":"https:\/\/api.w.org\/{rel}","templated":true}]}}