{"id":45237,"date":"2025-09-09T10:01:02","date_gmt":"2025-09-09T13:01:02","guid":{"rendered":"http:\/\/masquenoticiastucuman.com.ar\/?p=45237"},"modified":"2025-09-09T10:01:02","modified_gmt":"2025-09-09T13:01:02","slug":"sostenibilidad-agropecuaria-una-mirada-desde-el-interior-del-sector","status":"publish","type":"post","link":"https:\/\/masquenoticiastucuman.com.ar\/?p=45237","title":{"rendered":"Sostenibilidad agropecuaria: una mirada desde el interior del sector"},"content":{"rendered":"<ul>\n<li>La sostenibilidad empieza a formar parte de las decisiones cotidianas de muchos productores y empresas agropecuarias. <\/li>\n<li>Desde diferentes enfoques, el sector avanza en una gesti\u00f3n m\u00e1s equilibrada desde lo econ\u00f3mico, lo tecnol\u00f3gico , lo social y lo ambiental.<\/li>\n<\/ul>","protected":false},"excerpt":{"rendered":"<p>La sostenibilidad empieza a formar parte de las decisiones cotidianas de muchos productores y empresas&#8230;<\/p>\n","protected":false},"author":1,"featured_media":0,"comment_status":"open","ping_status":"open","sticky":false,"template":"","format":"standard","meta":{"footnotes":""},"categories":[],"tags":[],"class_list":["post-45237","post","type-post","status-publish","format-standard","hentry"],"_links":{"self":[{"href":"https:\/\/masquenoticiastucuman.com.ar\/index.php?rest_route=\/wp\/v2\/posts\/45237","targetHints":{"allow":["GET"]}}],"collection":[{"href":"https:\/\/masquenoticiastucuman.com.ar\/index.php?rest_route=\/wp\/v2\/posts"}],"about":[{"href":"https:\/\/masquenoticiastucuman.com.ar\/index.php?rest_route=\/wp\/v2\/types\/post"}],"author":[{"embeddable":true,"href":"https:\/\/masquenoticiastucuman.com.ar\/index.php?rest_route=\/wp\/v2\/users\/1"}],"replies":[{"embeddable":true,"href":"https:\/\/masquenoticiastucuman.com.ar\/index.php?rest_route=%2Fwp%2Fv2%2Fcomments&post=45237"}],"version-history":[{"count":0,"href":"https:\/\/masquenoticiastucuman.com.ar\/index.php?rest_route=\/wp\/v2\/posts\/45237\/revisions"}],"wp:attachment":[{"href":"https:\/\/masquenoticiastucuman.com.ar\/index.php?rest_route=%2Fwp%2Fv2%2Fmedia&parent=45237"}],"wp:term":[{"taxonomy":"category","embeddable":true,"href":"https:\/\/masquenoticiastucuman.com.ar\/index.php?rest_route=%2Fwp%2Fv2%2Fcategories&post=45237"},{"taxonomy":"post_tag","embeddable":true,"href":"https:\/\/masquenoticiastucuman.com.ar\/index.php?rest_route=%2Fwp%2Fv2%2Ftags&post=45237"}],"curies":[{"name":"wp","href":"https:\/\/api.w.org\/{rel}","templated":true}]}}