{"id":45248,"date":"2025-09-09T11:01:03","date_gmt":"2025-09-09T14:01:03","guid":{"rendered":"http:\/\/masquenoticiastucuman.com.ar\/?p=45248"},"modified":"2025-09-09T11:01:03","modified_gmt":"2025-09-09T14:01:03","slug":"franco-colapinto-cumplio-10-carreras-en-alpine-pero-todavia-no-sumo-puntos-cuales-son-los-aspectos-positivos-que-le-permiten-sonar-con-otro-ano-en-la-formula-1","status":"publish","type":"post","link":"https:\/\/masquenoticiastucuman.com.ar\/?p=45248","title":{"rendered":"Franco Colapinto cumpli\u00f3 10 carreras en Alpine, pero todav\u00eda no sum\u00f3 puntos: cu\u00e1les son los aspectos positivos que le permiten so\u00f1ar con otro a\u00f1o en la F\u00f3rmula 1"},"content":{"rendered":"<ul>\n<li>El pilarense logr\u00f3 un 11\u00b0 puesto en Pa\u00edses Bajos, pero todav\u00eda no logr\u00f3 sumar.<\/li>\n<li>La competencia con su compa\u00f1ero de equipo Pierre Gasly est\u00e1 muy pareja.<\/li>\n<li>Sin embargo, consigui\u00f3 un bien rendimiento con el A525 y se ilusiona con la pr\u00f3xima cita, en Baku.<\/li>\n<\/ul>","protected":false},"excerpt":{"rendered":"<p>El pilarense logr\u00f3 un 11\u00b0 puesto en Pa\u00edses Bajos, pero todav\u00eda no logr\u00f3 sumar. La&#8230;<\/p>\n","protected":false},"author":1,"featured_media":0,"comment_status":"open","ping_status":"open","sticky":false,"template":"","format":"standard","meta":{"footnotes":""},"categories":[6],"tags":[],"class_list":["post-45248","post","type-post","status-publish","format-standard","hentry","category-deportes"],"_links":{"self":[{"href":"https:\/\/masquenoticiastucuman.com.ar\/index.php?rest_route=\/wp\/v2\/posts\/45248","targetHints":{"allow":["GET"]}}],"collection":[{"href":"https:\/\/masquenoticiastucuman.com.ar\/index.php?rest_route=\/wp\/v2\/posts"}],"about":[{"href":"https:\/\/masquenoticiastucuman.com.ar\/index.php?rest_route=\/wp\/v2\/types\/post"}],"author":[{"embeddable":true,"href":"https:\/\/masquenoticiastucuman.com.ar\/index.php?rest_route=\/wp\/v2\/users\/1"}],"replies":[{"embeddable":true,"href":"https:\/\/masquenoticiastucuman.com.ar\/index.php?rest_route=%2Fwp%2Fv2%2Fcomments&post=45248"}],"version-history":[{"count":0,"href":"https:\/\/masquenoticiastucuman.com.ar\/index.php?rest_route=\/wp\/v2\/posts\/45248\/revisions"}],"wp:attachment":[{"href":"https:\/\/masquenoticiastucuman.com.ar\/index.php?rest_route=%2Fwp%2Fv2%2Fmedia&parent=45248"}],"wp:term":[{"taxonomy":"category","embeddable":true,"href":"https:\/\/masquenoticiastucuman.com.ar\/index.php?rest_route=%2Fwp%2Fv2%2Fcategories&post=45248"},{"taxonomy":"post_tag","embeddable":true,"href":"https:\/\/masquenoticiastucuman.com.ar\/index.php?rest_route=%2Fwp%2Fv2%2Ftags&post=45248"}],"curies":[{"name":"wp","href":"https:\/\/api.w.org\/{rel}","templated":true}]}}