{"id":45260,"date":"2025-09-09T12:01:07","date_gmt":"2025-09-09T15:01:07","guid":{"rendered":"http:\/\/masquenoticiastucuman.com.ar\/?p=45260"},"modified":"2025-09-09T12:01:07","modified_gmt":"2025-09-09T15:01:07","slug":"iphone-17-en-vivo-apple-presenta-sus-nuevos-modelos-en-el-apple-event-2025","status":"publish","type":"post","link":"https:\/\/masquenoticiastucuman.com.ar\/?p=45260","title":{"rendered":"iPhone 17, EN VIVO: Apple presenta sus nuevos modelos en el Apple Event 2025"},"content":{"rendered":"<ul>\n<li>La tecnol\u00f3gica renueva su ic\u00f3nica l\u00ednea de smartphones.<\/li>\n<li>Se espera el lanzamiento del primer ultradelgado, cambios en los Pro y novedades en Apple Watch, AirPods y Vision Pro.<\/li>\n<\/ul>","protected":false},"excerpt":{"rendered":"<p>La tecnol\u00f3gica renueva su ic\u00f3nica l\u00ednea de smartphones. Se espera el lanzamiento del primer ultradelgado,&#8230;<\/p>\n","protected":false},"author":1,"featured_media":0,"comment_status":"open","ping_status":"open","sticky":false,"template":"","format":"standard","meta":{"footnotes":""},"categories":[8],"tags":[],"class_list":["post-45260","post","type-post","status-publish","format-standard","hentry","category-tecnologia"],"_links":{"self":[{"href":"https:\/\/masquenoticiastucuman.com.ar\/index.php?rest_route=\/wp\/v2\/posts\/45260","targetHints":{"allow":["GET"]}}],"collection":[{"href":"https:\/\/masquenoticiastucuman.com.ar\/index.php?rest_route=\/wp\/v2\/posts"}],"about":[{"href":"https:\/\/masquenoticiastucuman.com.ar\/index.php?rest_route=\/wp\/v2\/types\/post"}],"author":[{"embeddable":true,"href":"https:\/\/masquenoticiastucuman.com.ar\/index.php?rest_route=\/wp\/v2\/users\/1"}],"replies":[{"embeddable":true,"href":"https:\/\/masquenoticiastucuman.com.ar\/index.php?rest_route=%2Fwp%2Fv2%2Fcomments&post=45260"}],"version-history":[{"count":0,"href":"https:\/\/masquenoticiastucuman.com.ar\/index.php?rest_route=\/wp\/v2\/posts\/45260\/revisions"}],"wp:attachment":[{"href":"https:\/\/masquenoticiastucuman.com.ar\/index.php?rest_route=%2Fwp%2Fv2%2Fmedia&parent=45260"}],"wp:term":[{"taxonomy":"category","embeddable":true,"href":"https:\/\/masquenoticiastucuman.com.ar\/index.php?rest_route=%2Fwp%2Fv2%2Fcategories&post=45260"},{"taxonomy":"post_tag","embeddable":true,"href":"https:\/\/masquenoticiastucuman.com.ar\/index.php?rest_route=%2Fwp%2Fv2%2Ftags&post=45260"}],"curies":[{"name":"wp","href":"https:\/\/api.w.org\/{rel}","templated":true}]}}