{"id":45290,"date":"2025-09-09T17:01:03","date_gmt":"2025-09-09T20:01:03","guid":{"rendered":"http:\/\/masquenoticiastucuman.com.ar\/?p=45290"},"modified":"2025-09-09T17:01:03","modified_gmt":"2025-09-09T20:01:03","slug":"copa-davis-horacio-zeballos-llego-a-paises-bajos-y-tuvo-una-bienvenida-inesperado","status":"publish","type":"post","link":"https:\/\/masquenoticiastucuman.com.ar\/?p=45290","title":{"rendered":"Copa Davis: Horacio Zeballos lleg\u00f3 a Pa\u00edses Bajos y tuvo una bienvenida inesperado"},"content":{"rendered":"<ul>\n<li>El flamante campe\u00f3n del torneo de dobles del US Open fue recibido con todos los honores por sus compa\u00f1eros.<\/li>\n<li>M\u00e1s tarde, bajo la mirada del capit\u00e1n Frana, todos trabajaron en la cancha dura que albergar\u00e1 la serie en Groningen.<\/li>\n<\/ul>","protected":false},"excerpt":{"rendered":"<p>El flamante campe\u00f3n del torneo de dobles del US Open fue recibido con todos los&#8230;<\/p>\n","protected":false},"author":1,"featured_media":0,"comment_status":"open","ping_status":"open","sticky":false,"template":"","format":"standard","meta":{"footnotes":""},"categories":[6],"tags":[],"class_list":["post-45290","post","type-post","status-publish","format-standard","hentry","category-deportes"],"_links":{"self":[{"href":"https:\/\/masquenoticiastucuman.com.ar\/index.php?rest_route=\/wp\/v2\/posts\/45290","targetHints":{"allow":["GET"]}}],"collection":[{"href":"https:\/\/masquenoticiastucuman.com.ar\/index.php?rest_route=\/wp\/v2\/posts"}],"about":[{"href":"https:\/\/masquenoticiastucuman.com.ar\/index.php?rest_route=\/wp\/v2\/types\/post"}],"author":[{"embeddable":true,"href":"https:\/\/masquenoticiastucuman.com.ar\/index.php?rest_route=\/wp\/v2\/users\/1"}],"replies":[{"embeddable":true,"href":"https:\/\/masquenoticiastucuman.com.ar\/index.php?rest_route=%2Fwp%2Fv2%2Fcomments&post=45290"}],"version-history":[{"count":0,"href":"https:\/\/masquenoticiastucuman.com.ar\/index.php?rest_route=\/wp\/v2\/posts\/45290\/revisions"}],"wp:attachment":[{"href":"https:\/\/masquenoticiastucuman.com.ar\/index.php?rest_route=%2Fwp%2Fv2%2Fmedia&parent=45290"}],"wp:term":[{"taxonomy":"category","embeddable":true,"href":"https:\/\/masquenoticiastucuman.com.ar\/index.php?rest_route=%2Fwp%2Fv2%2Fcategories&post=45290"},{"taxonomy":"post_tag","embeddable":true,"href":"https:\/\/masquenoticiastucuman.com.ar\/index.php?rest_route=%2Fwp%2Fv2%2Ftags&post=45290"}],"curies":[{"name":"wp","href":"https:\/\/api.w.org\/{rel}","templated":true}]}}