{"id":45301,"date":"2025-09-09T19:01:03","date_gmt":"2025-09-09T22:01:03","guid":{"rendered":"http:\/\/masquenoticiastucuman.com.ar\/?p=45301"},"modified":"2025-09-09T19:01:03","modified_gmt":"2025-09-09T22:01:03","slug":"la-justicia-suspendio-la-resolucion-que-pasaba-a-disponibilidad-a-mas-de-300-personas-en-el-inta-inv-e-inase","status":"publish","type":"post","link":"https:\/\/masquenoticiastucuman.com.ar\/?p=45301","title":{"rendered":"La justicia suspendi\u00f3 la resoluci\u00f3n que pasaba a disponibilidad a m\u00e1s de 300 personas en el INTA, INV e Inase"},"content":{"rendered":"<ul>\n<li>La medida hab\u00eda sido tomada por Luis Caputo el pasado 22 de agosto. <\/li>\n<li>Ahora un juzgado federal de Mendoza dio lugar a una cautelar presentada por ATE. <\/li>\n<\/ul>","protected":false},"excerpt":{"rendered":"<p>La medida hab\u00eda sido tomada por Luis Caputo el pasado 22 de agosto. Ahora un&#8230;<\/p>\n","protected":false},"author":1,"featured_media":0,"comment_status":"open","ping_status":"open","sticky":false,"template":"","format":"standard","meta":{"footnotes":""},"categories":[],"tags":[],"class_list":["post-45301","post","type-post","status-publish","format-standard","hentry"],"_links":{"self":[{"href":"https:\/\/masquenoticiastucuman.com.ar\/index.php?rest_route=\/wp\/v2\/posts\/45301","targetHints":{"allow":["GET"]}}],"collection":[{"href":"https:\/\/masquenoticiastucuman.com.ar\/index.php?rest_route=\/wp\/v2\/posts"}],"about":[{"href":"https:\/\/masquenoticiastucuman.com.ar\/index.php?rest_route=\/wp\/v2\/types\/post"}],"author":[{"embeddable":true,"href":"https:\/\/masquenoticiastucuman.com.ar\/index.php?rest_route=\/wp\/v2\/users\/1"}],"replies":[{"embeddable":true,"href":"https:\/\/masquenoticiastucuman.com.ar\/index.php?rest_route=%2Fwp%2Fv2%2Fcomments&post=45301"}],"version-history":[{"count":0,"href":"https:\/\/masquenoticiastucuman.com.ar\/index.php?rest_route=\/wp\/v2\/posts\/45301\/revisions"}],"wp:attachment":[{"href":"https:\/\/masquenoticiastucuman.com.ar\/index.php?rest_route=%2Fwp%2Fv2%2Fmedia&parent=45301"}],"wp:term":[{"taxonomy":"category","embeddable":true,"href":"https:\/\/masquenoticiastucuman.com.ar\/index.php?rest_route=%2Fwp%2Fv2%2Fcategories&post=45301"},{"taxonomy":"post_tag","embeddable":true,"href":"https:\/\/masquenoticiastucuman.com.ar\/index.php?rest_route=%2Fwp%2Fv2%2Ftags&post=45301"}],"curies":[{"name":"wp","href":"https:\/\/api.w.org\/{rel}","templated":true}]}}