{"id":45311,"date":"2025-09-09T22:01:02","date_gmt":"2025-09-10T01:01:02","guid":{"rendered":"http:\/\/masquenoticiastucuman.com.ar\/?p=45311"},"modified":"2025-09-09T22:01:02","modified_gmt":"2025-09-10T01:01:02","slug":"nicolas-otamendi-sufre-su-primera-expulsion-con-la-seleccion-y-la-mas-dolorosa-se-podria-perder-el-debut-de-argentina-en-el-mundial-2026","status":"publish","type":"post","link":"https:\/\/masquenoticiastucuman.com.ar\/?p=45311","title":{"rendered":"Nicol\u00e1s Otamendi sufre su primera expulsi\u00f3n con la Selecci\u00f3n y la m\u00e1s dolorosa: se podr\u00eda perder el debut de Argentina en el Mundial 2026"},"content":{"rendered":"<ul>\n<li>El defensor fue capit\u00e1n del equipo de Scaloni y vio la roja en el minuto 31 del primer tiempo.<\/li>\n<li>De acuerdo a las reglamentaciones de FIFA, deber\u00eda cumplir en la fase final del certamen.<\/li>\n<li>Sin embargo, hay un gris que le permitir\u00eda hacerlo en la Finalissima, si se considera oficial.<\/li>\n<\/ul>","protected":false},"excerpt":{"rendered":"<p>El defensor fue capit\u00e1n del equipo de Scaloni y vio la roja en el minuto&#8230;<\/p>\n","protected":false},"author":1,"featured_media":0,"comment_status":"open","ping_status":"open","sticky":false,"template":"","format":"standard","meta":{"footnotes":""},"categories":[6],"tags":[],"class_list":["post-45311","post","type-post","status-publish","format-standard","hentry","category-deportes"],"_links":{"self":[{"href":"https:\/\/masquenoticiastucuman.com.ar\/index.php?rest_route=\/wp\/v2\/posts\/45311","targetHints":{"allow":["GET"]}}],"collection":[{"href":"https:\/\/masquenoticiastucuman.com.ar\/index.php?rest_route=\/wp\/v2\/posts"}],"about":[{"href":"https:\/\/masquenoticiastucuman.com.ar\/index.php?rest_route=\/wp\/v2\/types\/post"}],"author":[{"embeddable":true,"href":"https:\/\/masquenoticiastucuman.com.ar\/index.php?rest_route=\/wp\/v2\/users\/1"}],"replies":[{"embeddable":true,"href":"https:\/\/masquenoticiastucuman.com.ar\/index.php?rest_route=%2Fwp%2Fv2%2Fcomments&post=45311"}],"version-history":[{"count":0,"href":"https:\/\/masquenoticiastucuman.com.ar\/index.php?rest_route=\/wp\/v2\/posts\/45311\/revisions"}],"wp:attachment":[{"href":"https:\/\/masquenoticiastucuman.com.ar\/index.php?rest_route=%2Fwp%2Fv2%2Fmedia&parent=45311"}],"wp:term":[{"taxonomy":"category","embeddable":true,"href":"https:\/\/masquenoticiastucuman.com.ar\/index.php?rest_route=%2Fwp%2Fv2%2Fcategories&post=45311"},{"taxonomy":"post_tag","embeddable":true,"href":"https:\/\/masquenoticiastucuman.com.ar\/index.php?rest_route=%2Fwp%2Fv2%2Ftags&post=45311"}],"curies":[{"name":"wp","href":"https:\/\/api.w.org\/{rel}","templated":true}]}}