{"id":45319,"date":"2025-09-10T03:01:07","date_gmt":"2025-09-10T06:01:07","guid":{"rendered":"http:\/\/masquenoticiastucuman.com.ar\/?p=45319"},"modified":"2025-09-10T03:01:07","modified_gmt":"2025-09-10T06:01:07","slug":"tras-la-derrota-en-ecuador-argentina-pierde-el-1-del-ranking-fifa-espana-sera-el-nuevo-lider-y-otra-vez-francia-queda-segundo","status":"publish","type":"post","link":"https:\/\/masquenoticiastucuman.com.ar\/?p=45319","title":{"rendered":"Tras la derrota en Ecuador, Argentina pierde el &#8220;1&#8221; del ranking FIFA: Espa\u00f1a ser\u00e1 el nuevo l\u00edder y, otra vez, Francia queda segundo"},"content":{"rendered":"<ul>\n<li>La pr\u00f3xima actualizaci\u00f3n ser\u00e1 el 17 de septiembre y la Albiceleste saldr\u00e1 el lugar de privilegio despu\u00e9s de m\u00e1s de dos a\u00f1os.<\/li>\n<li>De todas formas, no modificar\u00e1 su lugar en el sorteo del Mundial 2026.<\/li>\n<\/ul>","protected":false},"excerpt":{"rendered":"<p>La pr\u00f3xima actualizaci\u00f3n ser\u00e1 el 17 de septiembre y la Albiceleste saldr\u00e1 el lugar de&#8230;<\/p>\n","protected":false},"author":1,"featured_media":0,"comment_status":"open","ping_status":"open","sticky":false,"template":"","format":"standard","meta":{"footnotes":""},"categories":[6],"tags":[],"class_list":["post-45319","post","type-post","status-publish","format-standard","hentry","category-deportes"],"_links":{"self":[{"href":"https:\/\/masquenoticiastucuman.com.ar\/index.php?rest_route=\/wp\/v2\/posts\/45319","targetHints":{"allow":["GET"]}}],"collection":[{"href":"https:\/\/masquenoticiastucuman.com.ar\/index.php?rest_route=\/wp\/v2\/posts"}],"about":[{"href":"https:\/\/masquenoticiastucuman.com.ar\/index.php?rest_route=\/wp\/v2\/types\/post"}],"author":[{"embeddable":true,"href":"https:\/\/masquenoticiastucuman.com.ar\/index.php?rest_route=\/wp\/v2\/users\/1"}],"replies":[{"embeddable":true,"href":"https:\/\/masquenoticiastucuman.com.ar\/index.php?rest_route=%2Fwp%2Fv2%2Fcomments&post=45319"}],"version-history":[{"count":0,"href":"https:\/\/masquenoticiastucuman.com.ar\/index.php?rest_route=\/wp\/v2\/posts\/45319\/revisions"}],"wp:attachment":[{"href":"https:\/\/masquenoticiastucuman.com.ar\/index.php?rest_route=%2Fwp%2Fv2%2Fmedia&parent=45319"}],"wp:term":[{"taxonomy":"category","embeddable":true,"href":"https:\/\/masquenoticiastucuman.com.ar\/index.php?rest_route=%2Fwp%2Fv2%2Fcategories&post=45319"},{"taxonomy":"post_tag","embeddable":true,"href":"https:\/\/masquenoticiastucuman.com.ar\/index.php?rest_route=%2Fwp%2Fv2%2Ftags&post=45319"}],"curies":[{"name":"wp","href":"https:\/\/api.w.org\/{rel}","templated":true}]}}