{"id":45323,"date":"2025-09-10T07:01:02","date_gmt":"2025-09-10T10:01:02","guid":{"rendered":"http:\/\/masquenoticiastucuman.com.ar\/?p=45323"},"modified":"2025-09-10T07:01:02","modified_gmt":"2025-09-10T10:01:02","slug":"lautaro-martinez-durisimo-contra-el-arbitro-wilmar-roldan-por-ecuador-vs-argentina-nos-amenazaba-todo-el-tiempo-con-lo-del-mundial","status":"publish","type":"post","link":"https:\/\/masquenoticiastucuman.com.ar\/?p=45323","title":{"rendered":"Lautaro Mart\u00ednez, dur\u00edsimo contra el \u00e1rbitro Wilmar Rold\u00e1n por Ecuador vs Argentina: &#8220;Nos amenazaba todo el tiempo con lo del Mundial&#8221;"},"content":{"rendered":"<ul>\n<li>El bahiense, que fue titular en la derrota 1-0, carg\u00f3 contra el colombiano.<\/li>\n<li>Otamendi fue expulsado y el tanto fue despu\u00e9s de un penal discutible.<\/li>\n<li>Mir\u00e1 el video.<\/li>\n<\/ul>","protected":false},"excerpt":{"rendered":"<p>El bahiense, que fue titular en la derrota 1-0, carg\u00f3 contra el colombiano. Otamendi fue&#8230;<\/p>\n","protected":false},"author":1,"featured_media":0,"comment_status":"open","ping_status":"open","sticky":false,"template":"","format":"standard","meta":{"footnotes":""},"categories":[6],"tags":[],"class_list":["post-45323","post","type-post","status-publish","format-standard","hentry","category-deportes"],"_links":{"self":[{"href":"https:\/\/masquenoticiastucuman.com.ar\/index.php?rest_route=\/wp\/v2\/posts\/45323","targetHints":{"allow":["GET"]}}],"collection":[{"href":"https:\/\/masquenoticiastucuman.com.ar\/index.php?rest_route=\/wp\/v2\/posts"}],"about":[{"href":"https:\/\/masquenoticiastucuman.com.ar\/index.php?rest_route=\/wp\/v2\/types\/post"}],"author":[{"embeddable":true,"href":"https:\/\/masquenoticiastucuman.com.ar\/index.php?rest_route=\/wp\/v2\/users\/1"}],"replies":[{"embeddable":true,"href":"https:\/\/masquenoticiastucuman.com.ar\/index.php?rest_route=%2Fwp%2Fv2%2Fcomments&post=45323"}],"version-history":[{"count":0,"href":"https:\/\/masquenoticiastucuman.com.ar\/index.php?rest_route=\/wp\/v2\/posts\/45323\/revisions"}],"wp:attachment":[{"href":"https:\/\/masquenoticiastucuman.com.ar\/index.php?rest_route=%2Fwp%2Fv2%2Fmedia&parent=45323"}],"wp:term":[{"taxonomy":"category","embeddable":true,"href":"https:\/\/masquenoticiastucuman.com.ar\/index.php?rest_route=%2Fwp%2Fv2%2Fcategories&post=45323"},{"taxonomy":"post_tag","embeddable":true,"href":"https:\/\/masquenoticiastucuman.com.ar\/index.php?rest_route=%2Fwp%2Fv2%2Ftags&post=45323"}],"curies":[{"name":"wp","href":"https:\/\/api.w.org\/{rel}","templated":true}]}}