{"id":45327,"date":"2025-09-10T07:13:33","date_gmt":"2025-09-10T10:13:33","guid":{"rendered":"https:\/\/masquenoticiastucuman.com.ar\/?p=45327"},"modified":"2025-09-10T07:13:33","modified_gmt":"2025-09-10T10:13:33","slug":"jaldo-inauguro-obras-y-entrego-viviendas-en-villa-benjamin-araoz","status":"publish","type":"post","link":"https:\/\/masquenoticiastucuman.com.ar\/?p=45327","title":{"rendered":"Jaldo inaugur\u00f3 obras y entreg\u00f3 viviendas en Villa Benjam\u00edn Ar\u00e1oz"},"content":{"rendered":"\n<p>Se entregaron viviendas, se habilitaron obras de alumbrado p\u00fablico y se concret\u00f3 la apertura de nuevas cuadras de pavimento articulado.<\/p>\n\n\n\n<p id=\"isPasted\">El gobernador&nbsp;<strong>Osvaldo Jaldo<\/strong>&nbsp;encabez\u00f3, este martes, una intensa agenda de inauguraciones en la comuna de Villa Benjam\u00edn Ar\u00e1oz y El Tajamar, departamento Burruyac\u00fa, donde se entregaron viviendas, se habilitaron obras de alumbrado p\u00fablico y se concret\u00f3 la apertura de nuevas cuadras de pavimento articulado.<\/p>\n\n\n\n<p>El primer mandatario estuvo acompa\u00f1ado por el ministro del Interior,&nbsp;<strong>Dar\u00edo Monteros<\/strong>; el vicepresidente primero de la Legislatura,<strong>&nbsp;Aldo Salom\u00f3n<\/strong>; la diputada nacional&nbsp;<strong>Gladys Medina<\/strong>; el comisionado comunal anfitri\u00f3n,<strong>&nbsp;Rodrigo Ar\u00e1oz;<\/strong>&nbsp;el prosecretario legislativo&nbsp;<strong>Alejandro Mart\u00ednez<\/strong>; los legisladores&nbsp;<strong>Jorge Leal (h)<\/strong>, J<strong>avier Noguera, Maia Mart\u00ednez, Walter Herrera, Cacho G\u00f3mez, Marcelo Herrera, Tom\u00e1s Cobos&nbsp;<\/strong>y&nbsp;<strong>Alejandro Figueroa;<\/strong>&nbsp;los intendentes de Burruyacu,&nbsp;<strong>Jorge Leal<\/strong>, de Alderetes,<strong>&nbsp;Graciela Guti\u00e9rrez<\/strong>&nbsp;y de Taf\u00ed del Valle,&nbsp;<strong>Francisco Caliva<\/strong>; el titular del IPVDU,&nbsp;<strong>Hugo Cabral; Eloy del Pino<\/strong>; el interventor del IPLA,<strong>&nbsp;Dante Loza;&nbsp;<\/strong>el responsable de Transporte,&nbsp;<strong>Sergio Apestey<\/strong>; junto a concejales y comisionados comunales de la zona. El titular del Instituto Provincial de Vivienda y Desarrollo Urbano (IPVDU),<strong>&nbsp;Hugo Cabral,&nbsp;<\/strong>legisladores&nbsp;<strong>Javier Noguera.<\/strong><\/p>\n\n\n\n<figure class=\"wp-block-image size-large\"><img decoding=\"async\" src=\"https:\/\/masquenoticiastucuman.com.ar\/wp-content\/uploads\/2025\/09\/250909210804_37838-1024x682.jpeg\" alt=\"\" class=\"wp-image-45329\" \/><\/figure>\n\n\n\n<p>Durante la jornada inauguraron el alumbrado sobre la Ruta 304, en el tramo que une Taruca Pampa con el barrio La Ex Estaci\u00f3n. Se entregaron seis m\u00f3dulos habitacionales construidos bajo el programa PROMAT. Tambi\u00e9n se sum\u00f3 la entrega de dos viviendas que completaron el barrio San Jos\u00e9, conformado por un total de 16 unidades habitacionales. A su vez, se habilit\u00f3 el pavimento articulado en calle Belgrano, con una extensi\u00f3n de 6.000 metros.<\/p>\n\n\n\n<p id=\"isPasted\">En su intervenci\u00f3n, Jaldo destac\u00f3 el avance de las obras p\u00fablicas a pesar de la situaci\u00f3n econ\u00f3mica. \u00abLa gesti\u00f3n lejos de detenerse, la vamos profundizando y vamos avanzando\u00bb, afirm\u00f3, y detall\u00f3 las acciones llevadas a cabo en la zona.<\/p>\n\n\n\n<p>El Gobernador se refiri\u00f3 a la inauguraci\u00f3n de \u00abun alumbrado p\u00fablico sobre esta ruta principal, la trescientos cuatro\u00bb, que, seg\u00fan su visi\u00f3n, \u00abtiene que ver fundamentalmente con la seguridad vial, tiene que ver con la seguridad de los vecinos que viven en este lugar\u00bb. Adem\u00e1s, mencion\u00f3 la entrega de viviendas, un logro que simboliza el esfuerzo compartido entre la provincia y los municipios. \u00abHemos avanzado en entregar viviendas, viviendas con programas especiales para las zonas rurales donde la comuna pone la mano de obra y el Instituto Provincial de la Vivienda viene poniendo los materiales\u00bb, sostuvo.<\/p>\n\n\n\n<p>Jaldo tambi\u00e9n destac\u00f3 la inauguraci\u00f3n de \u00abuna calle pavimentada con adoquines, un adoquinado a nuevo\u00bb. Durante su discurso, el gobernador enfatiz\u00f3 su cercan\u00eda con la gente, asegurando que su estilo de gobernar se basa en el contacto directo: \u00abQueremos caminar a la par de la gente porque siempre as\u00ed lo hicimos, de que volvi\u00f3 la democracia. Nos encanta caminar por los diferentes barrios\u00bb. El mandatario remarc\u00f3 que su responsabilidad no solo es escuchar, sino \u00absolucionar\u00bb, y destac\u00f3 el trabajo en equipo del gobierno provincial que le permite llegar a \u00abcada rinc\u00f3n de la provincia de Tucum\u00e1n. Desde La Cocha hasta Tranca\u00bb.<\/p>\n\n\n\n<p id=\"isPasted\">La diputada nacional Gladys Medina expres\u00f3: \u201cContenta desde esta ma\u00f1ana en R\u00edo Seco entregando viviendas a los vecinos y continuando hoy aqu\u00ed en Villa Benjam\u00edn Ar\u00e1oz, destacando que se entregaron las viviendas a familias muy humildes. El valor que a las familias le dan al techo propio es muy importante y ese es el compromiso que asumimos junto a Osvaldo Jaldo: seguir trabajando por todos los tucumanos, especialmente por los que m\u00e1s necesitan.\u201d<\/p>\n\n\n\n<p>Por su parte, el ministro del Interior, Dar\u00edo Monteros, record\u00f3: \u201cHoy arrancamos con el gobernador en R\u00edo Seco, donde se entregaron veinticuatro viviendas de la ciento treinta y dos, y despu\u00e9s trasladamos nuestra tarde al norte, a Villa Benjam\u00edn Ar\u00e1oz, donde inauguramos alumbrado p\u00fablico y entregamos ocho viviendas. Son obras que impactan en el beneficio del vecino, familias que se han beneficiado con techo propio, donde dignificamos a la familia y a los hijos. Con este super\u00e1vit fiscal que consigui\u00f3 Osvaldo Jaldo lo destinamos a obra, a educaci\u00f3n, a salud, a seguridad y a las familias que m\u00e1s lo necesitan.\u201d<\/p>\n\n\n\n<p>En tanto, el comisionado comunal de Villa Benjam\u00edn Ar\u00e1oz, Rodrigo Ar\u00e1oz, sostuvo: \u201cHoy hicimos entrega de ocho viviendas, podemos decir que ocho familias de Villa Benjam\u00edn Ar\u00e1oz tienen un techo digno. Inauguramos un alumbrado p\u00fablico de tres kil\u00f3metros y medio en la localidad de Taruca Pampa, sobre la ruta 304 y en el barrio La Ex-Estaci\u00f3n. Tambi\u00e9n dejamos inaugurados seis mil metros cuadrados de adoquines sobre la calle Belgrano en Villa Benjam\u00edn Ar\u00e1oz. Obviamente dependemos de las pr\u00f3ximas elecciones del 26 de octubre para poder seguir dando respuesta a los vecinos, y ac\u00e1 en Villa Benjam\u00edn Ar\u00e1oz vamos a tener una victoria contundente.\u201d<\/p>\n\n\n\n<p>Cabral explic\u00f3 que las obras se enmarcaron en dos programas de vivienda. \u201cPor un lado est\u00e1 el PROMAT, que es un programa de emergencia que realizamos en conjunto con las comunas rurales, el Ministerio del Interior y el de Obras P\u00fablicas. Nosotros proveemos los materiales y la asistencia t\u00e9cnica, mientras que la comuna pone la mano de obra. As\u00ed se entregaron seis m\u00f3dulos habitacionales. Adem\u00e1s, a trav\u00e9s del programa Reconstruir, terminamos dos viviendas que estaban abandonadas desde hace muchos a\u00f1os, con financiamiento \u00edntegramente provincial\u201d, destac\u00f3.<\/p>\n\n\n\n<p>Noguera remarc\u00f3 la importancia de estas intervenciones para la zona. \u201cNo solo inauguramos iluminaci\u00f3n, sino tambi\u00e9n pavimento articulado, soluciones habitacionales y viviendas. Son respuestas concretas, reales, para el Tucum\u00e1n profundo, que hist\u00f3ricamente ha estado postergado. Hoy seguimos cimentando obras, servicios y mejor calidad de vida para nuestros vecinos\u201d, afirm\u00f3.<\/p>\n","protected":false},"excerpt":{"rendered":"<p>Se entregaron viviendas, se habilitaron obras de alumbrado p\u00fablico y se concret\u00f3 la apertura de&#8230;<\/p>\n","protected":false},"author":2,"featured_media":0,"comment_status":"open","ping_status":"open","sticky":false,"template":"","format":"standard","meta":{"footnotes":""},"categories":[2],"tags":[],"class_list":["post-45327","post","type-post","status-publish","format-standard","hentry","category-locales"],"_links":{"self":[{"href":"https:\/\/masquenoticiastucuman.com.ar\/index.php?rest_route=\/wp\/v2\/posts\/45327","targetHints":{"allow":["GET"]}}],"collection":[{"href":"https:\/\/masquenoticiastucuman.com.ar\/index.php?rest_route=\/wp\/v2\/posts"}],"about":[{"href":"https:\/\/masquenoticiastucuman.com.ar\/index.php?rest_route=\/wp\/v2\/types\/post"}],"author":[{"embeddable":true,"href":"https:\/\/masquenoticiastucuman.com.ar\/index.php?rest_route=\/wp\/v2\/users\/2"}],"replies":[{"embeddable":true,"href":"https:\/\/masquenoticiastucuman.com.ar\/index.php?rest_route=%2Fwp%2Fv2%2Fcomments&post=45327"}],"version-history":[{"count":1,"href":"https:\/\/masquenoticiastucuman.com.ar\/index.php?rest_route=\/wp\/v2\/posts\/45327\/revisions"}],"predecessor-version":[{"id":45330,"href":"https:\/\/masquenoticiastucuman.com.ar\/index.php?rest_route=\/wp\/v2\/posts\/45327\/revisions\/45330"}],"wp:attachment":[{"href":"https:\/\/masquenoticiastucuman.com.ar\/index.php?rest_route=%2Fwp%2Fv2%2Fmedia&parent=45327"}],"wp:term":[{"taxonomy":"category","embeddable":true,"href":"https:\/\/masquenoticiastucuman.com.ar\/index.php?rest_route=%2Fwp%2Fv2%2Fcategories&post=45327"},{"taxonomy":"post_tag","embeddable":true,"href":"https:\/\/masquenoticiastucuman.com.ar\/index.php?rest_route=%2Fwp%2Fv2%2Ftags&post=45327"}],"curies":[{"name":"wp","href":"https:\/\/api.w.org\/{rel}","templated":true}]}}