{"id":45338,"date":"2025-09-10T08:57:12","date_gmt":"2025-09-10T11:57:12","guid":{"rendered":"https:\/\/masquenoticiastucuman.com.ar\/?p=45338"},"modified":"2025-09-10T08:57:13","modified_gmt":"2025-09-10T11:57:13","slug":"el-indec-difunde-hoy-el-dato-de-inflacion-de-agosto","status":"publish","type":"post","link":"https:\/\/masquenoticiastucuman.com.ar\/?p=45338","title":{"rendered":"El Indec difunde hoy el dato de inflaci\u00f3n de agosto"},"content":{"rendered":"\n<h1 class=\"wp-block-heading\"><strong>El Instituto Nacional de Estad\u00edstica y Censos (INDEC) dar\u00e1 a conocer hoy la medici\u00f3n del \u00cdndice de Precios al Consumidor (IPC) de agosto, de acuerdo con el calendario previsto por el organismo.<\/strong><\/h1>\n\n\n\n<p>Consultoras y entidades financieras de Argentina que participaron del Relevamiento de Expectativas de Mercado (REM) realizado por el Banco Central (BCRA) estimaron una inflaci\u00f3n mensual de 2,1% para agosto, con un incremento de 0,4 puntos porcentuales respecto de la estimaci\u00f3n anterior.<\/p>\n\n\n\n<p>Respecto del IPC N\u00facleo, el conjunto de participantes del REM ubic\u00f3 sus estimaciones para agosto en 2,0%. As\u00ed, el IPC superar\u00eda el 2% por primera vez en cuatro meses. Para los meses siguientes, los analistas estiman que volver\u00e1 a la senda descendente, que llegar\u00eda a 1,5% en febrero 2026.<\/p>\n\n\n\n<p>Por otro lado, las proyecciones de diversas consultoras privadas indican que la inflaci\u00f3n de agosto estar\u00eda entre el 1,6% y el 1,8%, estimando que podr\u00eda haber un freno respecto de julio, cuando el INDEC inform\u00f3 un alza del 1,9%.<\/p>\n","protected":false},"excerpt":{"rendered":"<p>El Instituto Nacional de Estad\u00edstica y Censos (INDEC) dar\u00e1 a conocer hoy la medici\u00f3n del&#8230;<\/p>\n","protected":false},"author":2,"featured_media":0,"comment_status":"open","ping_status":"open","sticky":false,"template":"","format":"standard","meta":{"footnotes":""},"categories":[3],"tags":[],"class_list":["post-45338","post","type-post","status-publish","format-standard","hentry","category-nacionales"],"_links":{"self":[{"href":"https:\/\/masquenoticiastucuman.com.ar\/index.php?rest_route=\/wp\/v2\/posts\/45338","targetHints":{"allow":["GET"]}}],"collection":[{"href":"https:\/\/masquenoticiastucuman.com.ar\/index.php?rest_route=\/wp\/v2\/posts"}],"about":[{"href":"https:\/\/masquenoticiastucuman.com.ar\/index.php?rest_route=\/wp\/v2\/types\/post"}],"author":[{"embeddable":true,"href":"https:\/\/masquenoticiastucuman.com.ar\/index.php?rest_route=\/wp\/v2\/users\/2"}],"replies":[{"embeddable":true,"href":"https:\/\/masquenoticiastucuman.com.ar\/index.php?rest_route=%2Fwp%2Fv2%2Fcomments&post=45338"}],"version-history":[{"count":1,"href":"https:\/\/masquenoticiastucuman.com.ar\/index.php?rest_route=\/wp\/v2\/posts\/45338\/revisions"}],"predecessor-version":[{"id":45340,"href":"https:\/\/masquenoticiastucuman.com.ar\/index.php?rest_route=\/wp\/v2\/posts\/45338\/revisions\/45340"}],"wp:attachment":[{"href":"https:\/\/masquenoticiastucuman.com.ar\/index.php?rest_route=%2Fwp%2Fv2%2Fmedia&parent=45338"}],"wp:term":[{"taxonomy":"category","embeddable":true,"href":"https:\/\/masquenoticiastucuman.com.ar\/index.php?rest_route=%2Fwp%2Fv2%2Fcategories&post=45338"},{"taxonomy":"post_tag","embeddable":true,"href":"https:\/\/masquenoticiastucuman.com.ar\/index.php?rest_route=%2Fwp%2Fv2%2Ftags&post=45338"}],"curies":[{"name":"wp","href":"https:\/\/api.w.org\/{rel}","templated":true}]}}