{"id":45353,"date":"2025-09-10T11:53:38","date_gmt":"2025-09-10T14:53:38","guid":{"rendered":"https:\/\/masquenoticiastucuman.com.ar\/?p=45353"},"modified":"2025-09-10T11:53:39","modified_gmt":"2025-09-10T14:53:39","slug":"javier-milei-presentara-el-presupuesto-2026-el-lunes-por-cadena-nacional","status":"publish","type":"post","link":"https:\/\/masquenoticiastucuman.com.ar\/?p=45353","title":{"rendered":"Javier Milei presentar\u00e1 el Presupuesto 2026 el lunes por cadena nacional"},"content":{"rendered":"\n<p>El Presidente har\u00e1 su puesta el lunes 15 de septiembre, seg\u00fan lo que confirm\u00f3 el vocero Adorni<\/p>\n\n\n\n<p>El presidente&nbsp;<strong>Javier Milei<\/strong>&nbsp;hablar\u00e1 en Cadena Nacional el pr\u00f3ximo&nbsp;<strong>lunes 15 de septiembre a las 21 horas<\/strong>, en lo que ser\u00e1 un mensaje clave en el marco de la presentaci\u00f3n del&nbsp;<strong>Presupuesto 2026<\/strong>. As\u00ed lo confirm\u00f3 el vocero presidencial,&nbsp;<strong>Manuel Adorni<\/strong>, a trav\u00e9s de su cuenta de X (ex Twitter).<\/p>\n\n\n\n<p>&#8220;El pr\u00f3ximo lunes 15 de Septiembre a las 21 horas el Presidente de la Naci\u00f3n hablar\u00e1 en Cadena Nacional en el marco de la presentaci\u00f3n del Presupuesto 2026&#8221;, escribi\u00f3 Adorni de forma escueta y concluyente: &#8220;Fin&#8221;.<\/p>\n\n\n\n<p>El anuncio llega en un momento de definiciones econ\u00f3micas y pol\u00edticas para el Gobierno. La presentaci\u00f3n del Presupuesto 2026 es un hito fundamental para delinear la hoja de ruta fiscal y las prioridades de la administraci\u00f3n en el pr\u00f3ximo ejercicio.<\/p>\n\n\n\n<p>El mensaje de Milei buscar\u00e1 dar certezas sobre el rumbo econ\u00f3mico y profundizar en los lineamientos de su pol\u00edtica de ajuste y control del gasto p\u00fablico.<\/p>\n\n\n\n<p>La Cadena Nacional permitir\u00e1 al mandatario dirigirse directamente a la ciudadan\u00eda para explicar los detalles y fundamentos de su propuesta econ\u00f3mica, en un contexto donde el debate sobre las cuentas p\u00fablicas cobra especial relevancia. Fuente:(NA)<\/p>\n","protected":false},"excerpt":{"rendered":"<p>El Presidente har\u00e1 su puesta el lunes 15 de septiembre, seg\u00fan lo que confirm\u00f3 el&#8230;<\/p>\n","protected":false},"author":2,"featured_media":0,"comment_status":"open","ping_status":"open","sticky":false,"template":"","format":"standard","meta":{"footnotes":""},"categories":[3],"tags":[],"class_list":["post-45353","post","type-post","status-publish","format-standard","hentry","category-nacionales"],"_links":{"self":[{"href":"https:\/\/masquenoticiastucuman.com.ar\/index.php?rest_route=\/wp\/v2\/posts\/45353","targetHints":{"allow":["GET"]}}],"collection":[{"href":"https:\/\/masquenoticiastucuman.com.ar\/index.php?rest_route=\/wp\/v2\/posts"}],"about":[{"href":"https:\/\/masquenoticiastucuman.com.ar\/index.php?rest_route=\/wp\/v2\/types\/post"}],"author":[{"embeddable":true,"href":"https:\/\/masquenoticiastucuman.com.ar\/index.php?rest_route=\/wp\/v2\/users\/2"}],"replies":[{"embeddable":true,"href":"https:\/\/masquenoticiastucuman.com.ar\/index.php?rest_route=%2Fwp%2Fv2%2Fcomments&post=45353"}],"version-history":[{"count":1,"href":"https:\/\/masquenoticiastucuman.com.ar\/index.php?rest_route=\/wp\/v2\/posts\/45353\/revisions"}],"predecessor-version":[{"id":45355,"href":"https:\/\/masquenoticiastucuman.com.ar\/index.php?rest_route=\/wp\/v2\/posts\/45353\/revisions\/45355"}],"wp:attachment":[{"href":"https:\/\/masquenoticiastucuman.com.ar\/index.php?rest_route=%2Fwp%2Fv2%2Fmedia&parent=45353"}],"wp:term":[{"taxonomy":"category","embeddable":true,"href":"https:\/\/masquenoticiastucuman.com.ar\/index.php?rest_route=%2Fwp%2Fv2%2Fcategories&post=45353"},{"taxonomy":"post_tag","embeddable":true,"href":"https:\/\/masquenoticiastucuman.com.ar\/index.php?rest_route=%2Fwp%2Fv2%2Ftags&post=45353"}],"curies":[{"name":"wp","href":"https:\/\/api.w.org\/{rel}","templated":true}]}}