{"id":45358,"date":"2025-09-10T12:22:39","date_gmt":"2025-09-10T15:22:39","guid":{"rendered":"https:\/\/masquenoticiastucuman.com.ar\/?p=45358"},"modified":"2025-09-10T12:22:40","modified_gmt":"2025-09-10T15:22:40","slug":"con-una-inversion-de-mas-de-6-700-millones-jaldo-reinicio-135-viviendas","status":"publish","type":"post","link":"https:\/\/masquenoticiastucuman.com.ar\/?p=45358","title":{"rendered":"Con una inversi\u00f3n de m\u00e1s de $6.700 millones, Jaldo reinici\u00f3 135 viviendas"},"content":{"rendered":"\n<p>El programa beneficiar\u00e1n a numerosas familias de la ciudad, mejorando el acceso a la vivienda propia y contribuyendo al crecimiento.<\/p>\n\n\n\n<p id=\"isPasted\">El gobernador,&nbsp;<strong>Osvaldo Jaldo<\/strong>, firm\u00f3 un acuerdo para la reactivaci\u00f3n de 135 viviendas en la capital tucumana que hab\u00edan sido abandonadas y paralizadas durante el gobierno nacional anterior. En su intervenci\u00f3n, Jaldo remarc\u00f3 que este esfuerzo forma parte de una pol\u00edtica habitacional integral del gobierno provincial, que no solo incluye a la capital, sino tambi\u00e9n a los 18 municipios y las 93 comunas de la provincia. La reactivaci\u00f3n implicar\u00e1 una inversi\u00f3n total de $6.726.166.940,94.<\/p>\n\n\n\n<blockquote class=\"wp-block-quote is-layout-flow wp-block-quote-is-layout-flow\">\n<p id=\"isPasted\">Nosotros nos hicimos cargo hace un a\u00f1o y nueve meses de este gobierno, y a pesar de no haber completado la mitad de nuestro mandato, hemos tomado la decisi\u00f3n de reactivar todos los proyectos habitacionales que hab\u00edan sido paralizados por diversas razones\u201d, explic\u00f3 Jaldo, mencionando como ejemplo el caso de las viviendas de Manantiar Sur, que durante a\u00f1os estuvieron deterioradas, vandalizadas y desatendidas.<\/p>\n<\/blockquote>\n\n\n\n<p>El gobernador resalt\u00f3 que, si bien el gobierno nacional desfinanci\u00f3 gran parte de las obras p\u00fablicas, Tucum\u00e1n ha logrado continuar con su desarrollo gracias a la estrategia de utilizar recursos propios. En ese sentido, el Primer Mandatario destac\u00f3 la colaboraci\u00f3n del sector privado, en particular de las empresas tucumanas, quienes a pesar de los atrasos en pagos, han mantenido sus obradores y han apoyado el desarrollo de proyectos como el Procrear Tucum\u00e1n, un ambicioso emprendimiento habitacional que prev\u00e9 la construcci\u00f3n de 1.600 viviendas.<\/p>\n\n\n\n<p><em>Adem\u00e1s, subray\u00f3 que la reactivaci\u00f3n de las viviendas y obras de infraestructura no solo responde a una necesidad habitacional, sino que tambi\u00e9n dinamiza la econom\u00eda provincial, al generar empleo y sostener la actividad econ\u00f3mica de las empresas locales.<\/em><\/p>\n\n\n\n<figure class=\"wp-block-image size-large\"><img decoding=\"async\" src=\"https:\/\/masquenoticiastucuman.com.ar\/wp-content\/uploads\/2025\/09\/250910112039_33130-1024x682.jpeg\" alt=\"\" class=\"wp-image-45360\" \/><\/figure>\n\n\n\n<p>Con un enfoque claro en la eficiencia fiscal, el gobernador destac\u00f3 que uno de los principales logros de su gesti\u00f3n fue haber equilibrado las finanzas provinciales, alcanzando un super\u00e1vit que ha permitido continuar con las obras sin depender del gobierno nacional. \u201cEl esfuerzo de los tucumanos ha sido clave para salir adelante, y lo seguimos haciendo con nuestras propias fuerzas, sin esperar por financiamiento externo\u201d, afirm\u00f3 Jaldo.<\/p>\n\n\n\n<p>Finalmente, el gobernador hizo un llamado a la unidad de todos los tucumanos para continuar con el progreso de la provincia, recordando que, en momentos dif\u00edciles, es fundamental el trabajo conjunto y el compromiso compartido para superar los desaf\u00edos econ\u00f3micos y sociales.<\/p>\n\n\n\n<p>Acompa\u00f1aron al Primer Mandatario el vicegobernador,&nbsp;<strong>Miguel Acevedo<\/strong>; la intendenta de San Miguel de Tucum\u00e1n,&nbsp;<strong>Rossana Chahla;&nbsp;<\/strong>el ministro de Gobierno y Justicia,<strong><\/strong>&nbsp;<strong>Regino Amado;<\/strong>&nbsp;el ministro de Obras y Servicios P\u00fablicos,&nbsp;<strong>Marcelo Nazur;&nbsp;<\/strong>el ministro de Salud,<strong>&nbsp;Luis Medina Ruiz;<\/strong>&nbsp;el ministro de Seguridad,&nbsp;<strong>Eugenio Ag\u00fcero Gamboa;<\/strong>&nbsp;la fiscal de Estado,&nbsp;<strong>Gilda Pedicone;<\/strong>&nbsp;el secretario general de la Gobernaci\u00f3<strong>n, Federico Nazur,<\/strong>&nbsp;el diputado,&nbsp;<strong>Agust\u00edn Fern\u00e1ndez;&nbsp;<\/strong><strong><\/strong><strong><\/strong>el Jefe de Polic\u00eda<strong>, Joaqu\u00edn Girvau;&nbsp;<\/strong>el Subjefe de Polic\u00eda,&nbsp;<strong>Roque Y\u00f1igo;&nbsp;<\/strong>titular del Instituto Provincial de Vivienda y Desarrollo Urbano (IPVDU),<strong>&nbsp;Hugo Cabral;&nbsp;<\/strong>el<strong><\/strong>&nbsp;subinterventor del IPVDU,<strong>&nbsp;Eloy del Pino;&nbsp;<\/strong>el secretario general de&nbsp;Uocra,<strong>&nbsp;David&nbsp; Acosta;&nbsp;<\/strong>el titular del gremio de Sitravi,&nbsp;<strong>Jos\u00e9 &nbsp;Ramos&nbsp;<\/strong>y el presidente de la C\u00e1mara Tucumana de la Construcci\u00f3<strong><\/strong>n,<strong>&nbsp;Jorge Garber.<\/strong><\/p>\n\n\n\n<p id=\"isPasted\"><em>Las viviendas cuentan con dos dormitorios, cocina\/estar\/comedor, ba\u00f1o y lavadero. Est\u00e1n construidas con ladrillo de hormig\u00f3n celular, ladrillos macizos y estructura de hormig\u00f3n armado. El techo es de chapas galvanizadas montadas sobre perfiles met\u00e1licos, con un sistema de desag\u00fce a canaletas met\u00e1licas. Los prot\u00f3tipos VS-A est\u00e1n adaptados para personas con discapacidad motriz, con las mismas caracter\u00edsticas de construcci\u00f3n y terminaci\u00f3n.<strong><\/strong><\/em><\/p>\n\n\n\n<p><em>La obra se encuentra en el sector Este de San Miguel de Tucum\u00e1n, a 50 metros de la Autopista Ruta 9, y cuenta con agua potable, cloacas, gas natural, electricidad (baja y media tensi\u00f3n), cord\u00f3n, cuneta y alumbrado p\u00fablico, adem\u00e1s de espacios verdes y equipamiento.<strong><\/strong><\/em><\/p>\n\n\n\n<p><em>El avance acumulado de viviendas a noviembre de 2023 es del 28,55%. La obra comenz\u00f3 el 1 de septiembre de 2022, pero fue paralizada el 7 de diciembre de 2023. Se espera que la reactivaci\u00f3n de la construcci\u00f3n se realice el 10 de septiembre de 2025.<\/em><\/p>\n\n\n\n<p><em>En cuanto a la infraestructura, el avance acumulado se registr\u00f3 en octubre de 2022.<\/em><\/p>\n\n\n\n<p id=\"isPasted\">Por su parte, el Vicegobernador, remarc\u00f3 que las obras de vivienda \u201cse paralizaron en un gobierno donde la inflaci\u00f3n no permit\u00eda previsibilidad y complicaba mucho el pago de los certificados, con lo cual, desde Buenos Aires decidieron ir retrasando el pago de estos certificados\u201d. Luego, explic\u00f3, cambi\u00f3 el gobierno nacional y \u201cse paralizaron directamente todas las obras\u201d.<\/p>\n\n\n\n<p>Sin embargo, destac\u00f3 que durante la gesti\u00f3n del gobernador Jaldo, \u201cdespu\u00e9s de haber conseguido el equilibrio fiscal, el Gobierno de la Provincia decidi\u00f3 poner en funcionamiento todas las obras y espec\u00edficamente en estas obras de vivienda que son un impacto directo &nbsp;para la ciudadan\u00eda\u201d.<\/p>\n\n\n\n<blockquote class=\"wp-block-quote is-layout-flow wp-block-quote-is-layout-flow\">\n<p>\u201cUna vez conseguido el equilibrio fiscal, es esto lo que hay que hacer y esto es lo que marca la diferencia. Lo que no resolvamos entre los tucumanos, no va a venir nadie de afuera a decirnos qu\u00e9 y c\u00f3mo hacerlo. Hubo dos gobiernos que decidieron paralizar las obras de vivienda en Tucum\u00e1n y el Gobernador asumi\u00f3 el compromiso de continuar y revitalizar todas estas obras\u201d, asegur\u00f3 Acevedo.<\/p>\n<\/blockquote>\n\n\n\n<p id=\"isPasted\">Chahla, expres\u00f3 su satisfacci\u00f3n por la reactivaci\u00f3n de importantes obras habitacionales en la capital tucumana, destacando que \u201chablar de viviendas es hablar de familias y de los vecinos de San Miguel de Tucum\u00e1n\u201d. En su intervenci\u00f3n, agradeci\u00f3 al Gobernador por su \u00abgesti\u00f3n eficiente\u00bb que permite que estos proyectos avancen, por reflotar obras que estaban paralizadas.<\/p>\n\n\n\n<p>Chahla subray\u00f3 la importancia del trabajo en equipo y la colaboraci\u00f3n entre las distintas autoridades provinciales y municipales, destacando que \u00abtodos trabajamos para lo mismo: para los vecinos y para el pueblo de Tucum\u00e1n\u00bb. Afirm\u00f3 que, en medio de los intentos de divisi\u00f3n, el gobierno provincial sigue un solo camino, guiado por las pol\u00edticas p\u00fablicas del mandatario provincial. \u00abNo hay ninguna divisi\u00f3n, hay un solo norte\u00bb, concluy\u00f3, resaltando la unidad y el compromiso en la gesti\u00f3n p\u00fablica.<\/p>\n\n\n\n<p>Cabral destac\u00f3 que estas obras no solo solucionan la demanda habitacional, sino que tambi\u00e9n generan empleo de calidad desde el inicio. Adem\u00e1s, resalt\u00f3 el rol del gobernador&nbsp;<strong><\/strong>Osvaldo Jaldo en poner al estado como eje central de su gesti\u00f3n, enfoc\u00e1ndose en un gobierno eficiente y presente.<\/p>\n\n\n\n<p>El funcionario tambi\u00e9n mencion\u00f3 otros proyectos en marcha, como el Procrear, que beneficiar\u00e1 a m\u00e1s de 3,000 familias, y viviendas en R\u00edo Seco y comunas rurales a trav\u00e9s del PROMAT. A pesar de la situaci\u00f3n econ\u00f3mica nacional, Tucum\u00e1n sigue avanzando con recursos propios en la reactivaci\u00f3n de sus obras habitacionales.<\/p>\n","protected":false},"excerpt":{"rendered":"<p>El programa beneficiar\u00e1n a numerosas familias de la ciudad, mejorando el acceso a la vivienda&#8230;<\/p>\n","protected":false},"author":2,"featured_media":0,"comment_status":"open","ping_status":"open","sticky":false,"template":"","format":"standard","meta":{"footnotes":""},"categories":[2],"tags":[],"class_list":["post-45358","post","type-post","status-publish","format-standard","hentry","category-locales"],"_links":{"self":[{"href":"https:\/\/masquenoticiastucuman.com.ar\/index.php?rest_route=\/wp\/v2\/posts\/45358","targetHints":{"allow":["GET"]}}],"collection":[{"href":"https:\/\/masquenoticiastucuman.com.ar\/index.php?rest_route=\/wp\/v2\/posts"}],"about":[{"href":"https:\/\/masquenoticiastucuman.com.ar\/index.php?rest_route=\/wp\/v2\/types\/post"}],"author":[{"embeddable":true,"href":"https:\/\/masquenoticiastucuman.com.ar\/index.php?rest_route=\/wp\/v2\/users\/2"}],"replies":[{"embeddable":true,"href":"https:\/\/masquenoticiastucuman.com.ar\/index.php?rest_route=%2Fwp%2Fv2%2Fcomments&post=45358"}],"version-history":[{"count":1,"href":"https:\/\/masquenoticiastucuman.com.ar\/index.php?rest_route=\/wp\/v2\/posts\/45358\/revisions"}],"predecessor-version":[{"id":45361,"href":"https:\/\/masquenoticiastucuman.com.ar\/index.php?rest_route=\/wp\/v2\/posts\/45358\/revisions\/45361"}],"wp:attachment":[{"href":"https:\/\/masquenoticiastucuman.com.ar\/index.php?rest_route=%2Fwp%2Fv2%2Fmedia&parent=45358"}],"wp:term":[{"taxonomy":"category","embeddable":true,"href":"https:\/\/masquenoticiastucuman.com.ar\/index.php?rest_route=%2Fwp%2Fv2%2Fcategories&post=45358"},{"taxonomy":"post_tag","embeddable":true,"href":"https:\/\/masquenoticiastucuman.com.ar\/index.php?rest_route=%2Fwp%2Fv2%2Ftags&post=45358"}],"curies":[{"name":"wp","href":"https:\/\/api.w.org\/{rel}","templated":true}]}}