{"id":45362,"date":"2025-09-10T13:01:03","date_gmt":"2025-09-10T16:01:03","guid":{"rendered":"http:\/\/masquenoticiastucuman.com.ar\/?p=45362"},"modified":"2025-09-10T13:01:03","modified_gmt":"2025-09-10T16:01:03","slug":"gaston-edul-viajo-a-ecuador-pero-se-perdio-la-transmision-del-partido-de-argentina-que-le-paso-al-periodista-talisman-de-la-selecccion","status":"publish","type":"post","link":"https:\/\/masquenoticiastucuman.com.ar\/?p=45362","title":{"rendered":"Gast\u00f3n Edul viaj\u00f3 a Ecuador pero se perdi\u00f3 la transmisi\u00f3n del partido de Argentina: qu\u00e9 le pas\u00f3 al periodista talism\u00e1n de la Seleccci\u00f3n"},"content":{"rendered":"<ul>\n<li>Por la ma\u00f1ana se mostr\u00f3 en Guayaquil, con videos desde el hotel donde se aloj\u00f3.<\/li>\n<li>Sin embargo, ante las c\u00e1maras de TyC Sports termin\u00f3 estando Joaqu\u00edn Bruno, otro colega.<\/li>\n<li>El gestor del &#8220;And\u00e1 pa&#8217; all\u00e1, bobo&#8221; con Messi sali\u00f3 a aclarar el motivo de su faltazo.<\/li>\n<\/ul>","protected":false},"excerpt":{"rendered":"<p>Por la ma\u00f1ana se mostr\u00f3 en Guayaquil, con videos desde el hotel donde se aloj\u00f3&#8230;.<\/p>\n","protected":false},"author":1,"featured_media":0,"comment_status":"open","ping_status":"open","sticky":false,"template":"","format":"standard","meta":{"footnotes":""},"categories":[6],"tags":[],"class_list":["post-45362","post","type-post","status-publish","format-standard","hentry","category-deportes"],"_links":{"self":[{"href":"https:\/\/masquenoticiastucuman.com.ar\/index.php?rest_route=\/wp\/v2\/posts\/45362","targetHints":{"allow":["GET"]}}],"collection":[{"href":"https:\/\/masquenoticiastucuman.com.ar\/index.php?rest_route=\/wp\/v2\/posts"}],"about":[{"href":"https:\/\/masquenoticiastucuman.com.ar\/index.php?rest_route=\/wp\/v2\/types\/post"}],"author":[{"embeddable":true,"href":"https:\/\/masquenoticiastucuman.com.ar\/index.php?rest_route=\/wp\/v2\/users\/1"}],"replies":[{"embeddable":true,"href":"https:\/\/masquenoticiastucuman.com.ar\/index.php?rest_route=%2Fwp%2Fv2%2Fcomments&post=45362"}],"version-history":[{"count":0,"href":"https:\/\/masquenoticiastucuman.com.ar\/index.php?rest_route=\/wp\/v2\/posts\/45362\/revisions"}],"wp:attachment":[{"href":"https:\/\/masquenoticiastucuman.com.ar\/index.php?rest_route=%2Fwp%2Fv2%2Fmedia&parent=45362"}],"wp:term":[{"taxonomy":"category","embeddable":true,"href":"https:\/\/masquenoticiastucuman.com.ar\/index.php?rest_route=%2Fwp%2Fv2%2Fcategories&post=45362"},{"taxonomy":"post_tag","embeddable":true,"href":"https:\/\/masquenoticiastucuman.com.ar\/index.php?rest_route=%2Fwp%2Fv2%2Ftags&post=45362"}],"curies":[{"name":"wp","href":"https:\/\/api.w.org\/{rel}","templated":true}]}}