{"id":45378,"date":"2025-09-10T17:01:02","date_gmt":"2025-09-10T20:01:02","guid":{"rendered":"http:\/\/masquenoticiastucuman.com.ar\/?p=45378"},"modified":"2025-09-10T17:01:02","modified_gmt":"2025-09-10T20:01:02","slug":"que-pasara-con-el-precio-de-la-carne-en-la-ultima-parte-del-ano","status":"publish","type":"post","link":"https:\/\/masquenoticiastucuman.com.ar\/?p=45378","title":{"rendered":"Qu\u00e9 pasar\u00e1 con el precio de la carne en la \u00faltima parte del a\u00f1o"},"content":{"rendered":"<ul>\n<li>Un informe de Fundaci\u00f3n Mediterr\u00e1nea afirma que los precios al consumidor aumentaron m\u00e1s que los que recibe el productor. <\/li>\n<li>La crisis econ\u00f3mica y una eventual depreciaci\u00f3n cambiaria le pondr\u00edan l\u00edmites a la carne de cara a las fiestas.<\/li>\n<\/ul>","protected":false},"excerpt":{"rendered":"<p>Un informe de Fundaci\u00f3n Mediterr\u00e1nea afirma que los precios al consumidor aumentaron m\u00e1s que los&#8230;<\/p>\n","protected":false},"author":1,"featured_media":0,"comment_status":"open","ping_status":"open","sticky":false,"template":"","format":"standard","meta":{"footnotes":""},"categories":[],"tags":[],"class_list":["post-45378","post","type-post","status-publish","format-standard","hentry"],"_links":{"self":[{"href":"https:\/\/masquenoticiastucuman.com.ar\/index.php?rest_route=\/wp\/v2\/posts\/45378","targetHints":{"allow":["GET"]}}],"collection":[{"href":"https:\/\/masquenoticiastucuman.com.ar\/index.php?rest_route=\/wp\/v2\/posts"}],"about":[{"href":"https:\/\/masquenoticiastucuman.com.ar\/index.php?rest_route=\/wp\/v2\/types\/post"}],"author":[{"embeddable":true,"href":"https:\/\/masquenoticiastucuman.com.ar\/index.php?rest_route=\/wp\/v2\/users\/1"}],"replies":[{"embeddable":true,"href":"https:\/\/masquenoticiastucuman.com.ar\/index.php?rest_route=%2Fwp%2Fv2%2Fcomments&post=45378"}],"version-history":[{"count":0,"href":"https:\/\/masquenoticiastucuman.com.ar\/index.php?rest_route=\/wp\/v2\/posts\/45378\/revisions"}],"wp:attachment":[{"href":"https:\/\/masquenoticiastucuman.com.ar\/index.php?rest_route=%2Fwp%2Fv2%2Fmedia&parent=45378"}],"wp:term":[{"taxonomy":"category","embeddable":true,"href":"https:\/\/masquenoticiastucuman.com.ar\/index.php?rest_route=%2Fwp%2Fv2%2Fcategories&post=45378"},{"taxonomy":"post_tag","embeddable":true,"href":"https:\/\/masquenoticiastucuman.com.ar\/index.php?rest_route=%2Fwp%2Fv2%2Ftags&post=45378"}],"curies":[{"name":"wp","href":"https:\/\/api.w.org\/{rel}","templated":true}]}}