{"id":45384,"date":"2025-09-10T18:01:03","date_gmt":"2025-09-10T21:01:03","guid":{"rendered":"http:\/\/masquenoticiastucuman.com.ar\/?p=45384"},"modified":"2025-09-10T18:01:03","modified_gmt":"2025-09-10T21:01:03","slug":"fran-cerundolo-se-apoya-en-frana-y-zeballos-antes-de-asumir-su-rol-de-lider-en-el-equipo-argentino-de-copa-davis-ellos-tienen-mas-experiencia","status":"publish","type":"post","link":"https:\/\/masquenoticiastucuman.com.ar\/?p=45384","title":{"rendered":"Fran Cer\u00fandolo se apoya en Frana y Zeballos antes de asumir su rol de l\u00edder en el equipo argentino de Copa Davis: &#8220;Ellos tienen m\u00e1s experiencia&#8221;"},"content":{"rendered":"<ul>\n<li>Es el n\u00famero 21 del mundo y el singlista que m\u00e1s series de Copa Davis jug\u00f3.<\/li>\n<li>Antes del choque con Pa\u00edses Bajos en Groningen, recuerda la importancia del legado que le dej\u00f3 Diego Schwartzman.<\/li>\n<li>La serie se disputar\u00e1 entre el viernes y el s\u00e1bado.<\/li>\n<\/ul>","protected":false},"excerpt":{"rendered":"<p>Es el n\u00famero 21 del mundo y el singlista que m\u00e1s series de Copa Davis&#8230;<\/p>\n","protected":false},"author":1,"featured_media":0,"comment_status":"open","ping_status":"open","sticky":false,"template":"","format":"standard","meta":{"footnotes":""},"categories":[6],"tags":[],"class_list":["post-45384","post","type-post","status-publish","format-standard","hentry","category-deportes"],"_links":{"self":[{"href":"https:\/\/masquenoticiastucuman.com.ar\/index.php?rest_route=\/wp\/v2\/posts\/45384","targetHints":{"allow":["GET"]}}],"collection":[{"href":"https:\/\/masquenoticiastucuman.com.ar\/index.php?rest_route=\/wp\/v2\/posts"}],"about":[{"href":"https:\/\/masquenoticiastucuman.com.ar\/index.php?rest_route=\/wp\/v2\/types\/post"}],"author":[{"embeddable":true,"href":"https:\/\/masquenoticiastucuman.com.ar\/index.php?rest_route=\/wp\/v2\/users\/1"}],"replies":[{"embeddable":true,"href":"https:\/\/masquenoticiastucuman.com.ar\/index.php?rest_route=%2Fwp%2Fv2%2Fcomments&post=45384"}],"version-history":[{"count":0,"href":"https:\/\/masquenoticiastucuman.com.ar\/index.php?rest_route=\/wp\/v2\/posts\/45384\/revisions"}],"wp:attachment":[{"href":"https:\/\/masquenoticiastucuman.com.ar\/index.php?rest_route=%2Fwp%2Fv2%2Fmedia&parent=45384"}],"wp:term":[{"taxonomy":"category","embeddable":true,"href":"https:\/\/masquenoticiastucuman.com.ar\/index.php?rest_route=%2Fwp%2Fv2%2Fcategories&post=45384"},{"taxonomy":"post_tag","embeddable":true,"href":"https:\/\/masquenoticiastucuman.com.ar\/index.php?rest_route=%2Fwp%2Fv2%2Ftags&post=45384"}],"curies":[{"name":"wp","href":"https:\/\/api.w.org\/{rel}","templated":true}]}}