{"id":45388,"date":"2025-09-10T18:43:17","date_gmt":"2025-09-10T21:43:17","guid":{"rendered":"https:\/\/masquenoticiastucuman.com.ar\/?p=45388"},"modified":"2025-09-11T20:00:36","modified_gmt":"2025-09-11T23:00:36","slug":"educacion-interviene-ante-un-presunto-caso-de-bullying","status":"publish","type":"post","link":"https:\/\/masquenoticiastucuman.com.ar\/?p=45388","title":{"rendered":"Educaci\u00f3n interviene ante un presunto caso de bullying"},"content":{"rendered":"\n<p>Educaci\u00f3n tom\u00f3 medidas inmediatas tras los hechos que involucran a una alumna de la Escuela Julio Argentino Roca.<\/p>\n\n\n\n<p id=\"isPasted\">El Ministerio de Educaci\u00f3n de Tucum\u00e1n emiti\u00f3 un comunicado en el que manifest\u00f3 su profundo pesar por la situaci\u00f3n que atraviesa una alumna de la Escuela Julio Argentino Roca y expres\u00f3 su acompa\u00f1amiento a la familia en este dif\u00edcil momento.<\/p>\n\n\n\n<p>A partir de la denuncia de supuestos hechos de bullying, la cartera que conduce Susana Montaldo dispuso la intervenci\u00f3n inmediata del Gabinete Pedag\u00f3gico Interdisciplinario y del Servicio de Asistencia Social Escolar, que ya realizaron entrevistas con docentes, la directora de la instituci\u00f3n y la supervisora de zona. La propia ministra particip\u00f3 de las actuaciones que actualmente contin\u00faan en curso.<\/p>\n\n\n\n<p>Seg\u00fan el an\u00e1lisis preliminar, existen diversas versiones sobre lo sucedido, motivo por el cual se espera la investigaci\u00f3n de la Justicia para esclarecer los hechos. \u201cPor respeto a la ni\u00f1a, su familia y la comunidad educativa, corresponde actuar con prudencia y aguardar lo que resulte de las investigaciones judiciales\u201d, se\u00f1alaron desde la cartera.<\/p>\n\n\n\n<p>El Ministerio destac\u00f3 adem\u00e1s que todo caso de acoso escolar, sin importar su gravedad, debe ser atendido con seriedad tanto en la escuela como en el seno familiar, considerado el primer espacio de formaci\u00f3n. En ese sentido, se pidi\u00f3 a los padres y madres \u201caprovechar los momentos de encuentro familiar para dialogar con los hijos sobre esta problem\u00e1tica que tanto da\u00f1o provoca en la sociedad\u201d.<\/p>\n\n\n\n<p><strong>Acciones preventivas<\/strong><\/p>\n\n\n\n<p>La gesti\u00f3n actual del Ministerio de Educaci\u00f3n viene desarrollando distintas estrategias de prevenci\u00f3n de la violencia escolar y el bullying, entre ellas:<\/p>\n\n\n\n<ul class=\"wp-block-list\">\n<li>Mediaci\u00f3n escolar, como m\u00e9todo alternativo de resoluci\u00f3n de conflictos.<\/li>\n\n\n\n<li>Jornadas de capacitaci\u00f3n para docentes sobre protocolos y atenci\u00f3n de situaciones complejas.<\/li>\n\n\n\n<li>Actividades de Educaci\u00f3n Sexual Integral (ESI) vinculadas a la convivencia escolar.<\/li>\n\n\n\n<li>Trabajo en red con CAPS y Equipos de Orientaci\u00f3n Escolar.<\/li>\n\n\n\n<li>Recreos dirigidos con actividades l\u00fadicas y recreativas.<\/li>\n<\/ul>\n\n\n\n<p>La cartera educativa subray\u00f3 que estas acciones continuar\u00e1n y se fortalecer\u00e1n, aunque resalt\u00f3 que siempre ser\u00e1 necesario el acompa\u00f1amiento de las familias para que el abordaje sea integral y efectivo.<\/p>\n\n\n\n<p><strong>Comunicado completo<\/strong><\/p>\n\n\n\n<p id=\"isPasted\">En relaci\u00f3n a los hechos de p\u00fablico conocimiento referentes a una alumna de la Escuela Julio Argentino Roca, el Ministerio de Educaci\u00f3n pone en conocimiento de la comunidad educativa y de la sociedad en general, en primer lugar, que lamenta profundamente que la ni\u00f1a se encuentre atravesando tan dram\u00e1tica situaci\u00f3n y acompa\u00f1a a la familia en este dif\u00edcil momento.<\/p>\n\n\n\n<p>El Ministerio de Educaci\u00f3n, inmediatamente de tomar conocimiento de lo ocurrido, habiendo atendido lo manifestado por la familia de la ni\u00f1a, dispuso medidas pertinentes a fin de determinar la existencia de supuestos hechos de bullying en la escuela. A tales efectos, se dio intervenci\u00f3n al Gabinete Pedag\u00f3gico Interdisciplinario y al Servicio de Asistencia Social Escolar, con entrevistas a docentes, directora y supervisora y con la participaci\u00f3n personal de la Ministra de Educaci\u00f3n, intervenciones que se encuentran vigentes y oportunamente tendr\u00e1n una definici\u00f3n.<\/p>\n\n\n\n<p>Del an\u00e1lisis preliminar de las actuaciones, se advierten diversas versiones que deben ser debidamente investigadas por las autoridades judiciales, correspondiendo que, en este momento, por respeto a la ni\u00f1a, su familia y la comunidad educativa, se act\u00fae con prudencia y quedemos a la espera de lo que resulte de las investigaciones judiciales.<\/p>\n\n\n\n<p>Sin perjuicio de ello, cualquier hecho de bullying, sin importar la gravedad que tenga, debe ser atendido seriamente, tanto en el \u00e1mbito escolar como en la familia, como agente natural y primario de la educaci\u00f3n, por lo que se ratifica el compromiso del Ministerio de Educaci\u00f3n para trabajar preventivamente y ante cualquier caso y se solicita a los padres que aprovechen momentos familiares para conversar con los hijos sobre este mal que tanto da\u00f1o hace a la sociedad.<\/p>\n\n\n\n<p>Desde el comienzo de esta gesti\u00f3n ministerial se desarrollan diversas actividades en escuelas con el objeto de prevenir hechos de violencia y bullying, tales como Acciones del departamento mediaci\u00f3n escolar como m\u00e9todos alternativos de resoluci\u00f3n de conflictos; Jornadas para docentes sobre protocolo y atenci\u00f3n de situaciones complejas; Jornadas de ESI; Trabajos en redes con CAPS y Equipos de Orientaci\u00f3n Escolar; Organizaci\u00f3n de recreos dirigidos con actividades recreativas y l\u00fadicas. Se continuar\u00e1n desarrollando estas y otras actividades, pero siempre ser\u00e1 necesario el acompa\u00f1amiento de la familia.<\/p>\n","protected":false},"excerpt":{"rendered":"<p>Educaci\u00f3n tom\u00f3 medidas inmediatas tras los hechos que involucran a una alumna de la Escuela&#8230;<\/p>\n","protected":false},"author":2,"featured_media":0,"comment_status":"open","ping_status":"open","sticky":false,"template":"","format":"standard","meta":{"footnotes":""},"categories":[2],"tags":[],"class_list":["post-45388","post","type-post","status-publish","format-standard","hentry","category-locales"],"_links":{"self":[{"href":"https:\/\/masquenoticiastucuman.com.ar\/index.php?rest_route=\/wp\/v2\/posts\/45388","targetHints":{"allow":["GET"]}}],"collection":[{"href":"https:\/\/masquenoticiastucuman.com.ar\/index.php?rest_route=\/wp\/v2\/posts"}],"about":[{"href":"https:\/\/masquenoticiastucuman.com.ar\/index.php?rest_route=\/wp\/v2\/types\/post"}],"author":[{"embeddable":true,"href":"https:\/\/masquenoticiastucuman.com.ar\/index.php?rest_route=\/wp\/v2\/users\/2"}],"replies":[{"embeddable":true,"href":"https:\/\/masquenoticiastucuman.com.ar\/index.php?rest_route=%2Fwp%2Fv2%2Fcomments&post=45388"}],"version-history":[{"count":1,"href":"https:\/\/masquenoticiastucuman.com.ar\/index.php?rest_route=\/wp\/v2\/posts\/45388\/revisions"}],"predecessor-version":[{"id":45390,"href":"https:\/\/masquenoticiastucuman.com.ar\/index.php?rest_route=\/wp\/v2\/posts\/45388\/revisions\/45390"}],"wp:attachment":[{"href":"https:\/\/masquenoticiastucuman.com.ar\/index.php?rest_route=%2Fwp%2Fv2%2Fmedia&parent=45388"}],"wp:term":[{"taxonomy":"category","embeddable":true,"href":"https:\/\/masquenoticiastucuman.com.ar\/index.php?rest_route=%2Fwp%2Fv2%2Fcategories&post=45388"},{"taxonomy":"post_tag","embeddable":true,"href":"https:\/\/masquenoticiastucuman.com.ar\/index.php?rest_route=%2Fwp%2Fv2%2Ftags&post=45388"}],"curies":[{"name":"wp","href":"https:\/\/api.w.org\/{rel}","templated":true}]}}