{"id":45401,"date":"2025-09-10T21:01:03","date_gmt":"2025-09-11T00:01:03","guid":{"rendered":"http:\/\/masquenoticiastucuman.com.ar\/?p=45401"},"modified":"2025-09-10T21:01:03","modified_gmt":"2025-09-11T00:01:03","slug":"gustavo-alfaro-y-un-tiro-por-elevacion-a-marcelo-gallardo-por-el-nivel-de-galarza-con-dos-o-tres-dias-en-river-salio-y-lo-tiraron-a-la-cancha","status":"publish","type":"post","link":"https:\/\/masquenoticiastucuman.com.ar\/?p=45401","title":{"rendered":"Gustavo Alfaro y un tiro por elevaci\u00f3n a Marcelo Gallardo por el nivel de Galarza: &#8220;Con dos o tres d\u00edas en River, sali\u00f3 y lo tiraron a la cancha&#8221;"},"content":{"rendered":"<ul>\n<li>El entrenador argentino de la selecci\u00f3n de Paraguay se refiri\u00f3 al nivel del volante.<\/li>\n<li>&#8220;A Mati le hicieron sentir personalmente el rigor de la exigencia&#8221;, dijo el DT.<\/li>\n<li>C\u00f3mo hizo el t\u00e9cnico para renovarle la confianza.<\/li>\n<\/ul>","protected":false},"excerpt":{"rendered":"<p>El entrenador argentino de la selecci\u00f3n de Paraguay se refiri\u00f3 al nivel del volante. &#8220;A&#8230;<\/p>\n","protected":false},"author":1,"featured_media":0,"comment_status":"open","ping_status":"open","sticky":false,"template":"","format":"standard","meta":{"footnotes":""},"categories":[6],"tags":[],"class_list":["post-45401","post","type-post","status-publish","format-standard","hentry","category-deportes"],"_links":{"self":[{"href":"https:\/\/masquenoticiastucuman.com.ar\/index.php?rest_route=\/wp\/v2\/posts\/45401","targetHints":{"allow":["GET"]}}],"collection":[{"href":"https:\/\/masquenoticiastucuman.com.ar\/index.php?rest_route=\/wp\/v2\/posts"}],"about":[{"href":"https:\/\/masquenoticiastucuman.com.ar\/index.php?rest_route=\/wp\/v2\/types\/post"}],"author":[{"embeddable":true,"href":"https:\/\/masquenoticiastucuman.com.ar\/index.php?rest_route=\/wp\/v2\/users\/1"}],"replies":[{"embeddable":true,"href":"https:\/\/masquenoticiastucuman.com.ar\/index.php?rest_route=%2Fwp%2Fv2%2Fcomments&post=45401"}],"version-history":[{"count":0,"href":"https:\/\/masquenoticiastucuman.com.ar\/index.php?rest_route=\/wp\/v2\/posts\/45401\/revisions"}],"wp:attachment":[{"href":"https:\/\/masquenoticiastucuman.com.ar\/index.php?rest_route=%2Fwp%2Fv2%2Fmedia&parent=45401"}],"wp:term":[{"taxonomy":"category","embeddable":true,"href":"https:\/\/masquenoticiastucuman.com.ar\/index.php?rest_route=%2Fwp%2Fv2%2Fcategories&post=45401"},{"taxonomy":"post_tag","embeddable":true,"href":"https:\/\/masquenoticiastucuman.com.ar\/index.php?rest_route=%2Fwp%2Fv2%2Ftags&post=45401"}],"curies":[{"name":"wp","href":"https:\/\/api.w.org\/{rel}","templated":true}]}}