{"id":45407,"date":"2025-09-10T23:01:02","date_gmt":"2025-09-11T02:01:02","guid":{"rendered":"http:\/\/masquenoticiastucuman.com.ar\/?p=45407"},"modified":"2025-09-10T23:01:02","modified_gmt":"2025-09-11T02:01:02","slug":"venezuela-echo-al-bocha-batista-tras-la-dura-derrota-ante-colombia-que-le-impidio-clasificarse-al-repechaje","status":"publish","type":"post","link":"https:\/\/masquenoticiastucuman.com.ar\/?p=45407","title":{"rendered":"Venezuela ech\u00f3 al Bocha Batista tras la dura derrota ante Colombia que le impidi\u00f3 clasificarse al repechaje"},"content":{"rendered":"<ul>\n<li>La Federaci\u00f3n Venezolana comunic\u00f3 este mi\u00e9rcoles que el entrenador argentino no seguir\u00e1 en el cargo.<\/li>\n<li>La goleada que le propin\u00f3 el conjunto cafetero por 6-3 sell\u00f3 la suerte del DT.<\/li>\n<li>Necesitaba un triunfo para poder jugar la repesca para acceder al Mundial.<\/li>\n<\/ul>","protected":false},"excerpt":{"rendered":"<p>La Federaci\u00f3n Venezolana comunic\u00f3 este mi\u00e9rcoles que el entrenador argentino no seguir\u00e1 en el cargo&#8230;.<\/p>\n","protected":false},"author":1,"featured_media":0,"comment_status":"open","ping_status":"open","sticky":false,"template":"","format":"standard","meta":{"footnotes":""},"categories":[6],"tags":[],"class_list":["post-45407","post","type-post","status-publish","format-standard","hentry","category-deportes"],"_links":{"self":[{"href":"https:\/\/masquenoticiastucuman.com.ar\/index.php?rest_route=\/wp\/v2\/posts\/45407","targetHints":{"allow":["GET"]}}],"collection":[{"href":"https:\/\/masquenoticiastucuman.com.ar\/index.php?rest_route=\/wp\/v2\/posts"}],"about":[{"href":"https:\/\/masquenoticiastucuman.com.ar\/index.php?rest_route=\/wp\/v2\/types\/post"}],"author":[{"embeddable":true,"href":"https:\/\/masquenoticiastucuman.com.ar\/index.php?rest_route=\/wp\/v2\/users\/1"}],"replies":[{"embeddable":true,"href":"https:\/\/masquenoticiastucuman.com.ar\/index.php?rest_route=%2Fwp%2Fv2%2Fcomments&post=45407"}],"version-history":[{"count":0,"href":"https:\/\/masquenoticiastucuman.com.ar\/index.php?rest_route=\/wp\/v2\/posts\/45407\/revisions"}],"wp:attachment":[{"href":"https:\/\/masquenoticiastucuman.com.ar\/index.php?rest_route=%2Fwp%2Fv2%2Fmedia&parent=45407"}],"wp:term":[{"taxonomy":"category","embeddable":true,"href":"https:\/\/masquenoticiastucuman.com.ar\/index.php?rest_route=%2Fwp%2Fv2%2Fcategories&post=45407"},{"taxonomy":"post_tag","embeddable":true,"href":"https:\/\/masquenoticiastucuman.com.ar\/index.php?rest_route=%2Fwp%2Fv2%2Ftags&post=45407"}],"curies":[{"name":"wp","href":"https:\/\/api.w.org\/{rel}","templated":true}]}}