{"id":45427,"date":"2025-09-11T10:42:56","date_gmt":"2025-09-11T13:42:56","guid":{"rendered":"https:\/\/masquenoticiastucuman.com.ar\/?p=45427"},"modified":"2025-09-11T10:42:57","modified_gmt":"2025-09-11T13:42:57","slug":"tucuman-firmo-con-nacion-la-cesion-definitiva-del-predio-para-procrear-ii","status":"publish","type":"post","link":"https:\/\/masquenoticiastucuman.com.ar\/?p=45427","title":{"rendered":"Tucum\u00e1n firm\u00f3 con Naci\u00f3n la cesi\u00f3n definitiva del predio para PROCREAR II"},"content":{"rendered":"\n<p>Con este convenio se compensan deudas y se incorpora el predio del PROCREAR, permitiendo su transferencia definitiva a la provincia.<\/p>\n\n\n\n<p id=\"isPasted\">En el marco del R\u00e9gimen de Extinci\u00f3n de Obligaciones Rec\u00edprocas creado por el Decreto PEN 969\/2024, el ministro de Econom\u00eda y Producci\u00f3n de Tucum\u00e1n,&nbsp;<strong>Daniel Abad<\/strong>, en representaci\u00f3n del gobernador&nbsp;<strong>Osvaldo Jaldo,<\/strong>&nbsp;firm\u00f3, este mi\u00e9rcoles, un convenio con el ministro de Econom\u00eda de la Naci\u00f3n,<strong>&nbsp;Luis Caputo<\/strong>, mediante el cual se compensan deudas y se incorpora el predio del PROCREAR, permitiendo su transferencia definitiva a la provincia.<\/p>\n\n\n\n<p>El Decreto PEN 969\/2024, del 30 de octubre de 2024, establece el R\u00e9gimen de Extinci\u00f3n de Obligaciones Rec\u00edprocas entre el Estado Nacional y las provincias, con el objetivo de \u201cextinguir, total o parcialmente, las obligaciones rec\u00edprocas\u201d para facilitar el saneamiento de las cuentas p\u00fablicas. La norma fue publicada el 1 de noviembre de 2024 en el Bolet\u00edn Oficial.&nbsp;<\/p>\n\n\n\n<p>Mediante este r\u00e9gimen, el Estado Nacional y las provincias pueden negociar la cancelaci\u00f3n de pasivos con bienes, como tierras, rutas o infraestructura, como alternativa al pago monetario.&nbsp;<\/p>\n\n\n\n<p>Con este acuerdo, el PEN proceder\u00e1 a escriturar a favor de la provincia dicho terreno. El convenio marca el cierre de los tr\u00e1mites administrativos necesarios para la transferencia definitiva. (Informaci\u00f3n proporcionada por el usuario)<\/p>\n\n\n\n<p><strong>Avance del PROCREAR II&nbsp;<\/strong><\/p>\n\n\n\n<p>El proyecto Procrear Tucum\u00e1n es uno de los desarrollos habitacionales m\u00e1s importantes del pa\u00eds: dise\u00f1ado sobre 100 hect\u00e1reas en Manantial Sur, incorpora obras urban\u00edsticas e infraestructura para la construcci\u00f3n de viviendas, lotes, espacios comerciales, educativos, culturales y \u00e1reas verdes.&nbsp;<\/p>\n\n\n\n<p>En agosto de 2025, el gobernador Jaldo presidi\u00f3 el acto de reinicio de la primera etapa, que incluye 572 viviendas y 22 locales comerciales distribuidos en 45.000 m\u00b2, con una inversi\u00f3n provincial estimada en $80.000 millones. El proyecto generar\u00e1 m\u00e1s de 6.000 puestos de trabajo directos e indirectos, y se prev\u00e9 que el 100 % de los recursos y empleos se queden en Tucum\u00e1n.&nbsp;<\/p>\n\n\n\n<p>Este convenio representa un paso decisivo para Tucum\u00e1n: no solo culmina el proceso administrativo, sino que garantiza la transferencia y escrituraci\u00f3n definitiva del predio que permitir\u00e1 reactivar el ambicioso proyecto habitacional PROCREAR II. Su concreci\u00f3n no solo dar\u00e1 respuesta a la necesidad de viviendas dignas, sino que dinamizar\u00e1 la econom\u00eda local, impulsar\u00e1 la construcci\u00f3n y fortalecer\u00e1 el empleo en toda la provincia.<\/p>\n","protected":false},"excerpt":{"rendered":"<p>Con este convenio se compensan deudas y se incorpora el predio del PROCREAR, permitiendo su&#8230;<\/p>\n","protected":false},"author":2,"featured_media":0,"comment_status":"open","ping_status":"open","sticky":false,"template":"","format":"standard","meta":{"footnotes":""},"categories":[2],"tags":[],"class_list":["post-45427","post","type-post","status-publish","format-standard","hentry","category-locales"],"_links":{"self":[{"href":"https:\/\/masquenoticiastucuman.com.ar\/index.php?rest_route=\/wp\/v2\/posts\/45427","targetHints":{"allow":["GET"]}}],"collection":[{"href":"https:\/\/masquenoticiastucuman.com.ar\/index.php?rest_route=\/wp\/v2\/posts"}],"about":[{"href":"https:\/\/masquenoticiastucuman.com.ar\/index.php?rest_route=\/wp\/v2\/types\/post"}],"author":[{"embeddable":true,"href":"https:\/\/masquenoticiastucuman.com.ar\/index.php?rest_route=\/wp\/v2\/users\/2"}],"replies":[{"embeddable":true,"href":"https:\/\/masquenoticiastucuman.com.ar\/index.php?rest_route=%2Fwp%2Fv2%2Fcomments&post=45427"}],"version-history":[{"count":1,"href":"https:\/\/masquenoticiastucuman.com.ar\/index.php?rest_route=\/wp\/v2\/posts\/45427\/revisions"}],"predecessor-version":[{"id":45429,"href":"https:\/\/masquenoticiastucuman.com.ar\/index.php?rest_route=\/wp\/v2\/posts\/45427\/revisions\/45429"}],"wp:attachment":[{"href":"https:\/\/masquenoticiastucuman.com.ar\/index.php?rest_route=%2Fwp%2Fv2%2Fmedia&parent=45427"}],"wp:term":[{"taxonomy":"category","embeddable":true,"href":"https:\/\/masquenoticiastucuman.com.ar\/index.php?rest_route=%2Fwp%2Fv2%2Fcategories&post=45427"},{"taxonomy":"post_tag","embeddable":true,"href":"https:\/\/masquenoticiastucuman.com.ar\/index.php?rest_route=%2Fwp%2Fv2%2Ftags&post=45427"}],"curies":[{"name":"wp","href":"https:\/\/api.w.org\/{rel}","templated":true}]}}