{"id":45430,"date":"2025-09-11T10:44:24","date_gmt":"2025-09-11T13:44:24","guid":{"rendered":"https:\/\/masquenoticiastucuman.com.ar\/?p=45430"},"modified":"2025-09-11T10:44:24","modified_gmt":"2025-09-11T13:44:24","slug":"rentas-extiende-el-regimen-de-facilidades-de-pago-hasta-el-30-de-septiembre","status":"publish","type":"post","link":"https:\/\/masquenoticiastucuman.com.ar\/?p=45430","title":{"rendered":"Rentas extiende el R\u00e9gimen de Facilidades de Pago hasta el 30 de septiembre"},"content":{"rendered":"\n<p>La primera cuota de los planes vencer\u00e1 el 15 de octubre.<\/p>\n\n\n\n<p>El Gobierno de la Provincia, que conduce&nbsp;<strong>Osvaldo Jaldo<\/strong>, dispuso prorrogar hasta el 30 de septiembre de 2025 el&nbsp;<strong><\/strong><em>R\u00e9gimen de Regularizaci\u00f3n de Deudas Fiscales de la&nbsp;<\/em>Direcci\u00f3n General de Rentas.&nbsp;<strong><\/strong><\/p>\n\n\n\n<p>Mediante este plan se pueden regularizar&nbsp;<strong>deudas vencidas y exigibles al 30 de junio de 2025<\/strong>&nbsp;de los impuestos provinciales, incluyendo sus intereses, recargos y multas.&nbsp;<\/p>\n\n\n\n<p>Tambi\u00e9n pueden regularizarse las deudas de estos tributos que se encuentren en&nbsp;<strong>planes de facilidades de pago caducos,&nbsp;<\/strong>deudas originadas en ajustes resultantes de la actividad fiscalizadora de la DGR, que se encuentren en tr\u00e1mite administrativo o judicial de cobro.<\/p>\n\n\n\n<p><strong>Beneficios:<\/strong><\/p>\n\n\n\n<p>&#8211;&nbsp;<em>Bonificaci\u00f3n del 100% de los intereses que se devengaron hasta el 31 de diciembre de 2020.<\/em><\/p>\n\n\n\n<p>Por los intereses devengados a partir del 1 de enero de 2021, se establecen las siguientes bonificaciones:<\/p>\n\n\n\n<p>&#8211;&nbsp;<em>Del 50% por pago de contado.&nbsp;<\/em><\/p>\n\n\n\n<p><em>&#8211; Del 40% por planes que se cancelen hasta el mes de julio de 2026.&nbsp;<\/em><\/p>\n\n\n\n<p>&#8211;&nbsp;<em>Del 30% por planes que se cancelen despu\u00e9s del mes de julio de 2026.<\/em><\/p>\n\n\n\n<p><strong>Condiciones para adherir al r\u00e9gimen:<\/strong><\/p>\n\n\n\n<p>&nbsp;Al momento de efectuar la solicitud deben encontrarse cumplidas y abonadas las obligaciones tributarias que vencieron a partir del 1 de julio de 2025 y hasta las que vencen en el mes de&nbsp;<strong>septiembre de 2025.<\/strong><\/p>\n\n\n\n<p>Para el caso de los&nbsp;<strong>Impuestos a los Automotores y Rodados e Inmobiliario<\/strong>, deber\u00e1n encontrarse abonadas las cuotas 7, 8 y 9 del a\u00f1o 2025 al momento de efectuar la solicitud del plan de pagos.<\/p>\n\n\n\n<p>Para el caso de los&nbsp;<strong>Impuestos sobre los Ingresos Brutos y para la Salud P\u00fablica<\/strong>, deber\u00e1n encontrarse abonados los anticipos 6, 7 y 8 del a\u00f1o 2025 al momento de efectuar la solicitud del plan de pagos.<\/p>\n\n\n\n<p><strong><em>La solicitud de adhesi\u00f3n al r\u00e9gimen se realiza \u00edntegramente a trav\u00e9s de la p\u00e1gina web del organismo&nbsp;<\/em><\/strong><a href=\"https:\/\/www.rentastucuman.gob.ar\/nomina\/rentastuc2\/\" target=\"_blank\" rel=\"noreferrer noopener\"><strong><em>www.rentastucuman.gob.ar<\/em><\/strong><\/a><strong><em>.<\/em><\/strong><\/p>\n\n\n\n<p>La primera cuota de los planes que se realicen en el mes de septiembre vencer\u00e1 el 15 de octubre.<\/p>\n\n\n\n<p>Es importante destacar que el contribuyente podr\u00e1 efectuar el pago de las cuotas del plan de pago como as\u00ed tambi\u00e9n de las posiciones normales de todos los tributos utilizando los&nbsp;<strong>botones de pago<\/strong>&nbsp;disponibles en la p\u00e1gina web de la&nbsp;<a href=\"https:\/\/www.rentastucuman.gob.ar\/nomina\/rentastuc2\/\" target=\"_blank\" rel=\"noreferrer noopener\">Direcci\u00f3n General de Rentas<\/a>. Estos botones permiten pagar con tarjeta de d\u00e9bito de cualquier entidad bancaria.<\/p>\n","protected":false},"excerpt":{"rendered":"<p>La primera cuota de los planes vencer\u00e1 el 15 de octubre. El Gobierno de la&#8230;<\/p>\n","protected":false},"author":2,"featured_media":0,"comment_status":"open","ping_status":"open","sticky":false,"template":"","format":"standard","meta":{"footnotes":""},"categories":[2],"tags":[],"class_list":["post-45430","post","type-post","status-publish","format-standard","hentry","category-locales"],"_links":{"self":[{"href":"https:\/\/masquenoticiastucuman.com.ar\/index.php?rest_route=\/wp\/v2\/posts\/45430","targetHints":{"allow":["GET"]}}],"collection":[{"href":"https:\/\/masquenoticiastucuman.com.ar\/index.php?rest_route=\/wp\/v2\/posts"}],"about":[{"href":"https:\/\/masquenoticiastucuman.com.ar\/index.php?rest_route=\/wp\/v2\/types\/post"}],"author":[{"embeddable":true,"href":"https:\/\/masquenoticiastucuman.com.ar\/index.php?rest_route=\/wp\/v2\/users\/2"}],"replies":[{"embeddable":true,"href":"https:\/\/masquenoticiastucuman.com.ar\/index.php?rest_route=%2Fwp%2Fv2%2Fcomments&post=45430"}],"version-history":[{"count":1,"href":"https:\/\/masquenoticiastucuman.com.ar\/index.php?rest_route=\/wp\/v2\/posts\/45430\/revisions"}],"predecessor-version":[{"id":45432,"href":"https:\/\/masquenoticiastucuman.com.ar\/index.php?rest_route=\/wp\/v2\/posts\/45430\/revisions\/45432"}],"wp:attachment":[{"href":"https:\/\/masquenoticiastucuman.com.ar\/index.php?rest_route=%2Fwp%2Fv2%2Fmedia&parent=45430"}],"wp:term":[{"taxonomy":"category","embeddable":true,"href":"https:\/\/masquenoticiastucuman.com.ar\/index.php?rest_route=%2Fwp%2Fv2%2Fcategories&post=45430"},{"taxonomy":"post_tag","embeddable":true,"href":"https:\/\/masquenoticiastucuman.com.ar\/index.php?rest_route=%2Fwp%2Fv2%2Ftags&post=45430"}],"curies":[{"name":"wp","href":"https:\/\/api.w.org\/{rel}","templated":true}]}}