{"id":45435,"date":"2025-09-11T12:30:06","date_gmt":"2025-09-11T15:30:06","guid":{"rendered":"https:\/\/masquenoticiastucuman.com.ar\/?p=45435"},"modified":"2025-09-11T12:30:07","modified_gmt":"2025-09-11T15:30:07","slug":"desde-el-martes-la-carcel-de-benjamin-paz-albergara-a-800-internos-mas","status":"publish","type":"post","link":"https:\/\/masquenoticiastucuman.com.ar\/?p=45435","title":{"rendered":"Desde el martes la c\u00e1rcel de Benjam\u00edn Paz albergar\u00e1 a 800 internos m\u00e1s"},"content":{"rendered":"\n<p>Ese d\u00eda el gobernador Osvaldo Jaldo dejar\u00e1 inaugurado el segundo m\u00f3dulo de cuatro pabellones por lo que la capacidad del centro penitenciario ascender\u00e1 a 1.600 reos.<\/p>\n\n\n\n<p id=\"isPasted\">El gobernador<strong>&nbsp;Osvaldo Jaldo&nbsp;<\/strong>confirm\u00f3 este mediod\u00eda que el pr\u00f3ximo martes quedar\u00e1 inaugurada la segunda y \u00faltima etapa del servicio penitenciario de Benjam\u00edn Paz, una obra que, seg\u00fan subray\u00f3, no tiene precedentes en la Argentina reciente.<\/p>\n\n\n\n<p>\u201cEstamos habilitando la penitenciar\u00eda de Benjam\u00edn Paz, la segunda y \u00faltima etapa: cuatro pabellones m\u00e1s, 800 plazas adicionales que sumadas a las 800 que ya tenemos llegamos a mil seiscientas plazas en total\u201d, explic\u00f3 Jaldo en conferencia de prensa.<\/p>\n\n\n\n<blockquote class=\"wp-block-quote is-layout-flow wp-block-quote-is-layout-flow\">\n<p>El mandatario provincial record\u00f3 que la construcci\u00f3n demand\u00f3 casi dos a\u00f1os de trabajo y una fuerte inversi\u00f3n con dinero de las arcas de la provincia. \u201cNinguna provincia de la Rep\u00fablica Argentina, en este a\u00f1o y nueve meses, tiene un establecimiento carcelario de estas caracter\u00edsticas, hecho a nuevo como lo tiene Tucum\u00e1n\u201d, afirm\u00f3.<\/p>\n<\/blockquote>\n\n\n\n<p>Recordemos que el mi\u00e9rcoles 3 de este mes luego de dejar inaugurado el Area de Infanter\u00eda en Las Talitas,&nbsp;<a href=\"https:\/\/www.comunicaciontucuman.gob.ar\/noticia\/seguridad\/236737\/16-septiembre-inaugurarian-segundo-modulo-carcel-benjamin-paz\">el ministro de Seguridad, Eugenio Ag\u00fcero Gamboa hab\u00eda adelantado la fecha de inauguraci\u00f3n.<\/a><\/p>\n\n\n\n<p>La obra atraves\u00f3 demoras y falta de financiamiento. Fondos nacionales prometidos no llegaron a tiempo y la edificaci\u00f3n qued\u00f3 paralizada. \u201cNos cost\u00f3 mucho esfuerzo, mucho sacrificio. Hicimos un gran esfuerzo financiero, porque los recursos de la Naci\u00f3n estaban atrasados. La provincia empez\u00f3 a poner una cuota aparte y hoy, gracias a Dios, la estamos terminando\u201d, detall\u00f3.<\/p>\n\n\n\n<h3 class=\"wp-block-heading\">Descomprimir<\/h3>\n\n\n\n<p>El complejo, ubicado en el departamento Trancas, permitir\u00e1 descomprimir la situaci\u00f3n de las comisar\u00edas, que inevitablemente eran utilizadas como lugares de detenci\u00f3n transitoria por falta de espacio en las diferentes unidades de la C\u00e1rcel de Villa Urquiza, que ya tiene m\u00e1s de 100 a\u00f1os de existencia. \u201cCon esto vamos a alivianar las comisar\u00edas y a tener m\u00e1s polic\u00edas en la calle para tareas de seguridad preventiva\u201d, agreg\u00f3 Jaldo.<\/p>\n\n\n\n<p>Con la finalizaci\u00f3n de la segunda etapa, Benjam\u00edn Paz se consolida como el establecimiento penitenciario m\u00e1s grande y moderno del pa\u00eds, &#8220;un proyecto que busca adem\u00e1s de ampliar la capacidad de alojamiento sino tambi\u00e9n mejorar las condiciones de detenci\u00f3n y reforzar el sistema de seguridad provincial&#8221;, cerr\u00f3 Jado.<\/p>\n","protected":false},"excerpt":{"rendered":"<p>Ese d\u00eda el gobernador Osvaldo Jaldo dejar\u00e1 inaugurado el segundo m\u00f3dulo de cuatro pabellones por&#8230;<\/p>\n","protected":false},"author":2,"featured_media":0,"comment_status":"open","ping_status":"open","sticky":false,"template":"","format":"standard","meta":{"footnotes":""},"categories":[2],"tags":[],"class_list":["post-45435","post","type-post","status-publish","format-standard","hentry","category-locales"],"_links":{"self":[{"href":"https:\/\/masquenoticiastucuman.com.ar\/index.php?rest_route=\/wp\/v2\/posts\/45435","targetHints":{"allow":["GET"]}}],"collection":[{"href":"https:\/\/masquenoticiastucuman.com.ar\/index.php?rest_route=\/wp\/v2\/posts"}],"about":[{"href":"https:\/\/masquenoticiastucuman.com.ar\/index.php?rest_route=\/wp\/v2\/types\/post"}],"author":[{"embeddable":true,"href":"https:\/\/masquenoticiastucuman.com.ar\/index.php?rest_route=\/wp\/v2\/users\/2"}],"replies":[{"embeddable":true,"href":"https:\/\/masquenoticiastucuman.com.ar\/index.php?rest_route=%2Fwp%2Fv2%2Fcomments&post=45435"}],"version-history":[{"count":1,"href":"https:\/\/masquenoticiastucuman.com.ar\/index.php?rest_route=\/wp\/v2\/posts\/45435\/revisions"}],"predecessor-version":[{"id":45437,"href":"https:\/\/masquenoticiastucuman.com.ar\/index.php?rest_route=\/wp\/v2\/posts\/45435\/revisions\/45437"}],"wp:attachment":[{"href":"https:\/\/masquenoticiastucuman.com.ar\/index.php?rest_route=%2Fwp%2Fv2%2Fmedia&parent=45435"}],"wp:term":[{"taxonomy":"category","embeddable":true,"href":"https:\/\/masquenoticiastucuman.com.ar\/index.php?rest_route=%2Fwp%2Fv2%2Fcategories&post=45435"},{"taxonomy":"post_tag","embeddable":true,"href":"https:\/\/masquenoticiastucuman.com.ar\/index.php?rest_route=%2Fwp%2Fv2%2Ftags&post=45435"}],"curies":[{"name":"wp","href":"https:\/\/api.w.org\/{rel}","templated":true}]}}