{"id":45457,"date":"2025-09-11T16:01:03","date_gmt":"2025-09-11T19:01:03","guid":{"rendered":"http:\/\/masquenoticiastucuman.com.ar\/?p=45457"},"modified":"2025-09-11T16:01:03","modified_gmt":"2025-09-11T19:01:03","slug":"una-tragedia-anunciada-advierten-que-la-superficie-afectada-por-las-inundaciones-supera-las-3-millones-de-hectareas","status":"publish","type":"post","link":"https:\/\/masquenoticiastucuman.com.ar\/?p=45457","title":{"rendered":"&#8220;Una tragedia anunciada&#8221;: advierten que la superficie afectada por las inundaciones supera las 3 millones de hect\u00e1reas"},"content":{"rendered":"<ul>\n<li>La entidad ruralista volvi\u00f3 a reclamar obras h\u00eddricas urgentes, financiamiento y la aplicaci\u00f3n inmediata de la Ley de Emergencia Agropecuaria. <\/li>\n<li>Denuncian que productores y familias rurales est\u00e1n aislados, sin poder trabajar, educar a sus hijos ni acceder a servicios b\u00e1sicos<\/li>\n<\/ul>","protected":false},"excerpt":{"rendered":"<p>La entidad ruralista volvi\u00f3 a reclamar obras h\u00eddricas urgentes, financiamiento y la aplicaci\u00f3n inmediata de&#8230;<\/p>\n","protected":false},"author":1,"featured_media":0,"comment_status":"open","ping_status":"open","sticky":false,"template":"","format":"standard","meta":{"footnotes":""},"categories":[],"tags":[],"class_list":["post-45457","post","type-post","status-publish","format-standard","hentry"],"_links":{"self":[{"href":"https:\/\/masquenoticiastucuman.com.ar\/index.php?rest_route=\/wp\/v2\/posts\/45457","targetHints":{"allow":["GET"]}}],"collection":[{"href":"https:\/\/masquenoticiastucuman.com.ar\/index.php?rest_route=\/wp\/v2\/posts"}],"about":[{"href":"https:\/\/masquenoticiastucuman.com.ar\/index.php?rest_route=\/wp\/v2\/types\/post"}],"author":[{"embeddable":true,"href":"https:\/\/masquenoticiastucuman.com.ar\/index.php?rest_route=\/wp\/v2\/users\/1"}],"replies":[{"embeddable":true,"href":"https:\/\/masquenoticiastucuman.com.ar\/index.php?rest_route=%2Fwp%2Fv2%2Fcomments&post=45457"}],"version-history":[{"count":0,"href":"https:\/\/masquenoticiastucuman.com.ar\/index.php?rest_route=\/wp\/v2\/posts\/45457\/revisions"}],"wp:attachment":[{"href":"https:\/\/masquenoticiastucuman.com.ar\/index.php?rest_route=%2Fwp%2Fv2%2Fmedia&parent=45457"}],"wp:term":[{"taxonomy":"category","embeddable":true,"href":"https:\/\/masquenoticiastucuman.com.ar\/index.php?rest_route=%2Fwp%2Fv2%2Fcategories&post=45457"},{"taxonomy":"post_tag","embeddable":true,"href":"https:\/\/masquenoticiastucuman.com.ar\/index.php?rest_route=%2Fwp%2Fv2%2Ftags&post=45457"}],"curies":[{"name":"wp","href":"https:\/\/api.w.org\/{rel}","templated":true}]}}