{"id":45458,"date":"2025-09-11T16:01:03","date_gmt":"2025-09-11T19:01:03","guid":{"rendered":"http:\/\/masquenoticiastucuman.com.ar\/?p=45458"},"modified":"2025-09-11T16:01:03","modified_gmt":"2025-09-11T19:01:03","slug":"andres-fassi-le-pidio-disculpas-a-chiqui-tapia-por-su-conflicto-con-la-afa-pero-pablo-toviggino-le-salio-al-cruce-que-cara-de-piedra-que-sos","status":"publish","type":"post","link":"https:\/\/masquenoticiastucuman.com.ar\/?p=45458","title":{"rendered":"Andr\u00e9s Fassi le pidi\u00f3 disculpas a Chiqui Tapia por su conflicto con la AFA pero Pablo Toviggino le sali\u00f3 al cruce: &#8220;Qu\u00e9 cara de piedra que sos&#8221;"},"content":{"rendered":"<ul>\n<li>El presidente de la T reconoci\u00f3 que estuvo mal hace un a\u00f1o cuando puso el grito en el cielo.<\/li>\n<li>Lejos de aceptarlas, el tesorero y mano derecha de Tapia le respondi\u00f3 con todo en redes.<\/li>\n<li>Lo llam\u00f3 traidor y mentiroso y adelant\u00f3 cu\u00e1l ser\u00e1 la reacci\u00f3n del presidente de la AFA.<\/li>\n<\/ul>","protected":false},"excerpt":{"rendered":"<p>El presidente de la T reconoci\u00f3 que estuvo mal hace un a\u00f1o cuando puso el&#8230;<\/p>\n","protected":false},"author":1,"featured_media":0,"comment_status":"open","ping_status":"open","sticky":false,"template":"","format":"standard","meta":{"footnotes":""},"categories":[6],"tags":[],"class_list":["post-45458","post","type-post","status-publish","format-standard","hentry","category-deportes"],"_links":{"self":[{"href":"https:\/\/masquenoticiastucuman.com.ar\/index.php?rest_route=\/wp\/v2\/posts\/45458","targetHints":{"allow":["GET"]}}],"collection":[{"href":"https:\/\/masquenoticiastucuman.com.ar\/index.php?rest_route=\/wp\/v2\/posts"}],"about":[{"href":"https:\/\/masquenoticiastucuman.com.ar\/index.php?rest_route=\/wp\/v2\/types\/post"}],"author":[{"embeddable":true,"href":"https:\/\/masquenoticiastucuman.com.ar\/index.php?rest_route=\/wp\/v2\/users\/1"}],"replies":[{"embeddable":true,"href":"https:\/\/masquenoticiastucuman.com.ar\/index.php?rest_route=%2Fwp%2Fv2%2Fcomments&post=45458"}],"version-history":[{"count":0,"href":"https:\/\/masquenoticiastucuman.com.ar\/index.php?rest_route=\/wp\/v2\/posts\/45458\/revisions"}],"wp:attachment":[{"href":"https:\/\/masquenoticiastucuman.com.ar\/index.php?rest_route=%2Fwp%2Fv2%2Fmedia&parent=45458"}],"wp:term":[{"taxonomy":"category","embeddable":true,"href":"https:\/\/masquenoticiastucuman.com.ar\/index.php?rest_route=%2Fwp%2Fv2%2Fcategories&post=45458"},{"taxonomy":"post_tag","embeddable":true,"href":"https:\/\/masquenoticiastucuman.com.ar\/index.php?rest_route=%2Fwp%2Fv2%2Ftags&post=45458"}],"curies":[{"name":"wp","href":"https:\/\/api.w.org\/{rel}","templated":true}]}}