{"id":45472,"date":"2025-09-11T18:01:03","date_gmt":"2025-09-11T21:01:03","guid":{"rendered":"http:\/\/masquenoticiastucuman.com.ar\/?p=45472"},"modified":"2025-09-11T18:01:03","modified_gmt":"2025-09-11T21:01:03","slug":"enzo-francescoli-analizo-el-presente-de-river-la-actualidad-del-plantel-como-lo-ve-a-gallardo-y-la-serie-que-se-viene-ante-palmeiras","status":"publish","type":"post","link":"https:\/\/masquenoticiastucuman.com.ar\/?p=45472","title":{"rendered":"Enzo Francescoli analiz\u00f3 el presente de River: la actualidad del plantel, c\u00f3mo lo ve a Gallardo y la serie que se viene ante Palmeiras"},"content":{"rendered":"<ul>\n<li>&#8220;Si River sube dos puntos, no le va a ser f\u00e1cil a Palmeiras&#8221;, advirti\u00f3 el director deportivo.<\/li>\n<li>Es en relaci\u00f3n al an\u00e1lisis que hab\u00eda hecho el DT, quien asegur\u00f3 que el equipo estaba en &#8220;5 puntos&#8221;.<\/li>\n<li>&#8220;Lo veo m\u00e1s maduro&#8221;, dijo el uruguayo sobre el Mu\u00f1eco.<\/li>\n<\/ul>","protected":false},"excerpt":{"rendered":"<p>&#8220;Si River sube dos puntos, no le va a ser f\u00e1cil a Palmeiras&#8221;, advirti\u00f3 el&#8230;<\/p>\n","protected":false},"author":1,"featured_media":0,"comment_status":"open","ping_status":"open","sticky":false,"template":"","format":"standard","meta":{"footnotes":""},"categories":[6],"tags":[],"class_list":["post-45472","post","type-post","status-publish","format-standard","hentry","category-deportes"],"_links":{"self":[{"href":"https:\/\/masquenoticiastucuman.com.ar\/index.php?rest_route=\/wp\/v2\/posts\/45472","targetHints":{"allow":["GET"]}}],"collection":[{"href":"https:\/\/masquenoticiastucuman.com.ar\/index.php?rest_route=\/wp\/v2\/posts"}],"about":[{"href":"https:\/\/masquenoticiastucuman.com.ar\/index.php?rest_route=\/wp\/v2\/types\/post"}],"author":[{"embeddable":true,"href":"https:\/\/masquenoticiastucuman.com.ar\/index.php?rest_route=\/wp\/v2\/users\/1"}],"replies":[{"embeddable":true,"href":"https:\/\/masquenoticiastucuman.com.ar\/index.php?rest_route=%2Fwp%2Fv2%2Fcomments&post=45472"}],"version-history":[{"count":0,"href":"https:\/\/masquenoticiastucuman.com.ar\/index.php?rest_route=\/wp\/v2\/posts\/45472\/revisions"}],"wp:attachment":[{"href":"https:\/\/masquenoticiastucuman.com.ar\/index.php?rest_route=%2Fwp%2Fv2%2Fmedia&parent=45472"}],"wp:term":[{"taxonomy":"category","embeddable":true,"href":"https:\/\/masquenoticiastucuman.com.ar\/index.php?rest_route=%2Fwp%2Fv2%2Fcategories&post=45472"},{"taxonomy":"post_tag","embeddable":true,"href":"https:\/\/masquenoticiastucuman.com.ar\/index.php?rest_route=%2Fwp%2Fv2%2Ftags&post=45472"}],"curies":[{"name":"wp","href":"https:\/\/api.w.org\/{rel}","templated":true}]}}