{"id":45480,"date":"2025-09-11T19:59:21","date_gmt":"2025-09-11T22:59:21","guid":{"rendered":"https:\/\/masquenoticiastucuman.com.ar\/?p=45480"},"modified":"2025-09-11T19:59:21","modified_gmt":"2025-09-11T22:59:21","slug":"jaldo-expreso-solidaridad-con-la-nina-internada-tras-un-intento-de-suicidio","status":"publish","type":"post","link":"https:\/\/masquenoticiastucuman.com.ar\/?p=45480","title":{"rendered":"Jaldo expres\u00f3 solidaridad con la ni\u00f1a internada tras un intento de suicidio"},"content":{"rendered":"\n<p>&#8220;Este es un hecho lamentable y lo primero que hay que pedir que esta ni\u00f1ita se recupere lo antes posible y se recupere y quede bien. Esto es lo primero que hay que rogar y que hay que orar para que as\u00ed sea\u201d, manifest\u00f3 el mandatario.<\/p>\n\n\n\n<p id=\"isPasted\">El gobernador,&nbsp;<strong>Osvaldo Jaldo<\/strong>, se mostr\u00f3 solidario con la ni\u00f1a tucumana de nueve a\u00f1os de edad que fue internada tras un intento de suicidio y que habr\u00eda sufrido bullying en una escuela.<\/p>\n\n\n\n<p>\u201cEste es un hecho lamentable y lo primero que hay que pedir que esta ni\u00f1ita se recupere lo antes posible y se recupere y quede bien. Esto es lo primero que hay que rogar y que hay que orar para que as\u00ed sea\u201d, manifest\u00f3 el mandatario.<\/p>\n\n\n\n<p>En relaci\u00f3n con el \u00e1mbito educativo, se\u00f1al\u00f3: \u201cLa ministra de Educaci\u00f3n \u2013<strong>Susana Montaldo<\/strong>&#8211; tambi\u00e9n, en los establecimientos educativos, le d\u00e9 instrucciones para que tome todos los recaudos necesarios para que estas cosas no ocurran o dejen de ocurrir. Y en ese sentido, tambi\u00e9n pedirles a los padres que juntos con las directoras, los docentes y el Gobierno de la Provincia, podamos proteger a estos ni\u00f1os\u201d.<\/p>\n\n\n\n<p>Jaldo enfatiz\u00f3: \u201cEstos ni\u00f1os que son indefensos, estos ni\u00f1os que les est\u00e1 tocando vivir una ni\u00f1ez y una juventud que a nosotros no nos toc\u00f3 vivir. Nosotros en nuestra \u00e9poca no ocurr\u00edan estas cosas. Nosotros en esta \u00e9poca en las escuelas, en la familia, evidentemente no conoc\u00edamos cosas de estas caracter\u00edsticas. Pero hoy ocurren y hay que atenderlas. Y nosotros como Gobierno, claro que lamentamos y vamos a acompa\u00f1ar\u201d.<\/p>\n\n\n\n<p>Asimismo, detall\u00f3 la asistencia sanitaria: \u201cSe le est\u00e1 dando toda la atenci\u00f3n en el Hospital Avellaneda, que es un hospital p\u00fablico. Todos los profesionales, el ministro de Salud \u2013&nbsp;<strong>Luis Medida Ruiz<\/strong>&#8211; est\u00e1 encima permanentemente para que, repito, se recupere y se recupere lo mejor posible esta ni\u00f1a. Y que no sigan ocurriendo casos de estas caracter\u00edsticas\u201d.<\/p>\n\n\n\n<p>El gobernador inform\u00f3 tambi\u00e9n la intervenci\u00f3n judicial: \u201chemos dado intervenci\u00f3n a la Justicia de la provincia de Tucum\u00e1n. Porque tambi\u00e9n nosotros entendemos que la Justicia tiene que intervenir. Porque si bien esta nena es una menor pero tambi\u00e9n detr\u00e1s de ella hay gentes mayores, hay pap\u00e1s, hay familiares, como todos nosotros tenemos familiares. Entonces, nosotros queremos que tambi\u00e9n la Justicia haga una investigaci\u00f3n. Y nosotros tambi\u00e9n vamos a poner al Gobierno de la Provincia como querellante de la investigaci\u00f3n\u201d.<\/p>\n\n\n\n<p>Finalmente, Jaldo afirm\u00f3: \u201cNosotros no vamos a dejar como est\u00e1n las cosas. Nosotros realmente queremos ir al fondo de la cuesti\u00f3n. Estamos hablando de la vida de una ni\u00f1a, de una ni\u00f1ita, y no sabemos cu\u00e1ntas m\u00e1s puede haber en la provincia de Tucum\u00e1n. Tenemos que prevenir, y para eso necesitamos una investigaci\u00f3n judicial. Necesitamos tambi\u00e9n que nuestra ministra de Educaci\u00f3n se ponga al frente con una planificaci\u00f3n con los docentes y los padres. Nosotros somos los responsables del bienestar de cada uno de esos ni\u00f1os. Y ese rol que el gobernador lo asume y est\u00e1 distribuyendo tambi\u00e9n tareas a cada uno de los que pertenecemos al Gobierno de la Provincia\u201d.<\/p>\n","protected":false},"excerpt":{"rendered":"<p>&#8220;Este es un hecho lamentable y lo primero que hay que pedir que esta ni\u00f1ita&#8230;<\/p>\n","protected":false},"author":2,"featured_media":0,"comment_status":"open","ping_status":"open","sticky":false,"template":"","format":"standard","meta":{"footnotes":""},"categories":[2],"tags":[],"class_list":["post-45480","post","type-post","status-publish","format-standard","hentry","category-locales"],"_links":{"self":[{"href":"https:\/\/masquenoticiastucuman.com.ar\/index.php?rest_route=\/wp\/v2\/posts\/45480","targetHints":{"allow":["GET"]}}],"collection":[{"href":"https:\/\/masquenoticiastucuman.com.ar\/index.php?rest_route=\/wp\/v2\/posts"}],"about":[{"href":"https:\/\/masquenoticiastucuman.com.ar\/index.php?rest_route=\/wp\/v2\/types\/post"}],"author":[{"embeddable":true,"href":"https:\/\/masquenoticiastucuman.com.ar\/index.php?rest_route=\/wp\/v2\/users\/2"}],"replies":[{"embeddable":true,"href":"https:\/\/masquenoticiastucuman.com.ar\/index.php?rest_route=%2Fwp%2Fv2%2Fcomments&post=45480"}],"version-history":[{"count":1,"href":"https:\/\/masquenoticiastucuman.com.ar\/index.php?rest_route=\/wp\/v2\/posts\/45480\/revisions"}],"predecessor-version":[{"id":45482,"href":"https:\/\/masquenoticiastucuman.com.ar\/index.php?rest_route=\/wp\/v2\/posts\/45480\/revisions\/45482"}],"wp:attachment":[{"href":"https:\/\/masquenoticiastucuman.com.ar\/index.php?rest_route=%2Fwp%2Fv2%2Fmedia&parent=45480"}],"wp:term":[{"taxonomy":"category","embeddable":true,"href":"https:\/\/masquenoticiastucuman.com.ar\/index.php?rest_route=%2Fwp%2Fv2%2Fcategories&post=45480"},{"taxonomy":"post_tag","embeddable":true,"href":"https:\/\/masquenoticiastucuman.com.ar\/index.php?rest_route=%2Fwp%2Fv2%2Ftags&post=45480"}],"curies":[{"name":"wp","href":"https:\/\/api.w.org\/{rel}","templated":true}]}}