{"id":45493,"date":"2025-09-11T22:01:04","date_gmt":"2025-09-12T01:01:04","guid":{"rendered":"http:\/\/masquenoticiastucuman.com.ar\/?p=45493"},"modified":"2025-09-11T22:01:04","modified_gmt":"2025-09-12T01:01:04","slug":"lionel-scaloni-aparecio-con-su-bicicleta-por-nunez-y-genero-una-revolucion-entre-la-gente","status":"publish","type":"post","link":"https:\/\/masquenoticiastucuman.com.ar\/?p=45493","title":{"rendered":"Lionel Scaloni apareci\u00f3 con su bicicleta por N\u00fa\u00f1ez y gener\u00f3 una revoluci\u00f3n entre la gente"},"content":{"rendered":"<ul>\n<li>Despu\u00e9s de cerrar las Eliminatorias, el entrenador eligi\u00f3 el ciclismo como su cable a tierra.<\/li>\n<li>Estuvo en el Parque Manuel Belgrano, en Buenos Aires, donde llam\u00f3 la atenci\u00f3n de todos.<\/li>\n<li>El hobby no es nuevo: ya particip\u00f3 de pruebas exigentes en la Patagonia, en C\u00f3rdoba y hasta en Mallorca, Espa\u00f1a.<\/li>\n<\/ul>","protected":false},"excerpt":{"rendered":"<p>Despu\u00e9s de cerrar las Eliminatorias, el entrenador eligi\u00f3 el ciclismo como su cable a tierra&#8230;.<\/p>\n","protected":false},"author":1,"featured_media":0,"comment_status":"open","ping_status":"open","sticky":false,"template":"","format":"standard","meta":{"footnotes":""},"categories":[6],"tags":[],"class_list":["post-45493","post","type-post","status-publish","format-standard","hentry","category-deportes"],"_links":{"self":[{"href":"https:\/\/masquenoticiastucuman.com.ar\/index.php?rest_route=\/wp\/v2\/posts\/45493","targetHints":{"allow":["GET"]}}],"collection":[{"href":"https:\/\/masquenoticiastucuman.com.ar\/index.php?rest_route=\/wp\/v2\/posts"}],"about":[{"href":"https:\/\/masquenoticiastucuman.com.ar\/index.php?rest_route=\/wp\/v2\/types\/post"}],"author":[{"embeddable":true,"href":"https:\/\/masquenoticiastucuman.com.ar\/index.php?rest_route=\/wp\/v2\/users\/1"}],"replies":[{"embeddable":true,"href":"https:\/\/masquenoticiastucuman.com.ar\/index.php?rest_route=%2Fwp%2Fv2%2Fcomments&post=45493"}],"version-history":[{"count":0,"href":"https:\/\/masquenoticiastucuman.com.ar\/index.php?rest_route=\/wp\/v2\/posts\/45493\/revisions"}],"wp:attachment":[{"href":"https:\/\/masquenoticiastucuman.com.ar\/index.php?rest_route=%2Fwp%2Fv2%2Fmedia&parent=45493"}],"wp:term":[{"taxonomy":"category","embeddable":true,"href":"https:\/\/masquenoticiastucuman.com.ar\/index.php?rest_route=%2Fwp%2Fv2%2Fcategories&post=45493"},{"taxonomy":"post_tag","embeddable":true,"href":"https:\/\/masquenoticiastucuman.com.ar\/index.php?rest_route=%2Fwp%2Fv2%2Ftags&post=45493"}],"curies":[{"name":"wp","href":"https:\/\/api.w.org\/{rel}","templated":true}]}}